{"id":13087,"date":"2020-09-29T14:04:58","date_gmt":"2020-09-29T12:04:58","guid":{"rendered":"http:\/\/serveiseducatius.xtec.cat\/altmaresme\/?p=13087"},"modified":"2020-09-29T14:04:58","modified_gmt":"2020-09-29T12:04:58","slug":"webinar-servei-comunitari","status":"publish","type":"post","link":"https:\/\/serveiseducatius.xtec.cat\/altmaresme\/portada\/webinar-servei-comunitari\/","title":{"rendered":"Webinar servei comunitari"},"content":{"rendered":"<p>La subdirecci\u00f3 general de Suport i Atenci\u00f3 a la Comunitat Educativa ha organitzat, el proper <strong>30 de setembre a les 16<\/strong>h, una xerrada online amb la Roser Batlle, pedagoga referent de l\u2019aprenentatge-servei. La sessi\u00f3 girar\u00e0 al voltant del servei comunitari a dist\u00e0ncia, que pot ser una opci\u00f3 molt interessant per mantenir la seguretat en \u00e8poca de Covid.<\/p>\n<div>\n<div><\/div>\n<div>\n<p>Per tal de connectar-se a la xerrada els centres ho podeu fer a trav\u00e9s d\u2019aquest enlla\u00e7:\u00a0<a href=\"https:\/\/zoom.us\/j\/98085468367\">https:\/\/zoom.us\/j\/98085468367<\/a><\/p>\n<p>Us informem tamb\u00e9 que el video de la sessi\u00f3 es penjar\u00e0 al canal de <a href=\"https:\/\/www.youtube.com\/user\/maitealay\/featured?reload=9\">Youtube de la sub-direcci\u00f3.<\/a><\/p>\n<p>&nbsp;<\/p>\n<\/div>\n<\/div>\n","protected":false},"excerpt":{"rendered":"<p>La subdirecci\u00f3 general de Suport i Atenci\u00f3 a la Comunitat Educativa ha organitzat, el proper 30 de setembre a les 16h, una xerrada online amb la Roser Batlle, pedagoga referent de l\u2019aprenentatge-servei. La sessi\u00f3 girar\u00e0 al voltant del servei comunitari a dist\u00e0ncia, que pot ser&hellip;  <a href=\"https:\/\/serveiseducatius.xtec.cat\/altmaresme\/portada\/webinar-servei-comunitari\/\" title=\"Read Webinar servei comunitari\">Llegeix m\u00e9s\u00bb<\/a><\/p>\n","protected":false},"author":73,"featured_media":8157,"comment_status":"open","ping_status":"closed","sticky":false,"template":"","format":"standard","meta":{"_bbp_topic_count":0,"_bbp_reply_count":0,"_bbp_total_topic_count":0,"_bbp_total_reply_count":0,"_bbp_voice_count":0,"_bbp_anonymous_reply_count":0,"_bbp_topic_count_hidden":0,"_bbp_reply_count_hidden":0,"_bbp_forum_subforum_count":0,"footnotes":""},"categories":[507,29,1045,77],"tags":[],"class_list":["post-13087","post","type-post","status-publish","format-standard","has-post-thumbnail","hentry","category-pla-educatiu-entorn-pineda","category-portada","category-secundaria","category-servei-comunitari"],"post_mailing_queue_ids":[],"_links":{"self":[{"href":"https:\/\/serveiseducatius.xtec.cat\/altmaresme\/wp-json\/wp\/v2\/posts\/13087","targetHints":{"allow":["GET"]}}],"collection":[{"href":"https:\/\/serveiseducatius.xtec.cat\/altmaresme\/wp-json\/wp\/v2\/posts"}],"about":[{"href":"https:\/\/serveiseducatius.xtec.cat\/altmaresme\/wp-json\/wp\/v2\/types\/post"}],"author":[{"embeddable":true,"href":"https:\/\/serveiseducatius.xtec.cat\/altmaresme\/wp-json\/wp\/v2\/users\/73"}],"replies":[{"embeddable":true,"href":"https:\/\/serveiseducatius.xtec.cat\/altmaresme\/wp-json\/wp\/v2\/comments?post=13087"}],"version-history":[{"count":1,"href":"https:\/\/serveiseducatius.xtec.cat\/altmaresme\/wp-json\/wp\/v2\/posts\/13087\/revisions"}],"predecessor-version":[{"id":13088,"href":"https:\/\/serveiseducatius.xtec.cat\/altmaresme\/wp-json\/wp\/v2\/posts\/13087\/revisions\/13088"}],"wp:featuredmedia":[{"embeddable":true,"href":"https:\/\/serveiseducatius.xtec.cat\/altmaresme\/wp-json\/wp\/v2\/media\/8157"}],"wp:attachment":[{"href":"https:\/\/serveiseducatius.xtec.cat\/altmaresme\/wp-json\/wp\/v2\/media?parent=13087"}],"wp:term":[{"taxonomy":"category","embeddable":true,"href":"https:\/\/serveiseducatius.xtec.cat\/altmaresme\/wp-json\/wp\/v2\/categories?post=13087"},{"taxonomy":"post_tag","embeddable":true,"href":"https:\/\/serveiseducatius.xtec.cat\/altmaresme\/wp-json\/wp\/v2\/tags?post=13087"}],"curies":[{"name":"wp","href":"https:\/\/api.w.org\/{rel}","templated":true}]}}