{"id":13061,"date":"2020-09-18T12:57:12","date_gmt":"2020-09-18T10:57:12","guid":{"rendered":"http:\/\/serveiseducatius.xtec.cat\/altmaresme\/?p=13061"},"modified":"2020-09-17T13:21:25","modified_gmt":"2020-09-17T11:21:25","slug":"obert-el-periode-dinscripcio-per-formacio-de-biblioteques-escolars","status":"publish","type":"post","link":"https:\/\/serveiseducatius.xtec.cat\/altmaresme\/portada\/obert-el-periode-dinscripcio-per-formacio-de-biblioteques-escolars\/","title":{"rendered":"Obert el per\u00edode d&#8217;inscripci\u00f3 per formaci\u00f3 de biblioteques escolars"},"content":{"rendered":"<p>Ja s&#8217;ha obert el per\u00edode d&#8217;incripcions per a la formaci\u00f3 de biblioteques escolars per a aquest primer quadrimestre.<\/p>\n<table style=\"height: 19px;\" border=\"0\" width=\"807\" cellspacing=\"0\" cellpadding=\"0\">\n<tbody>\n<tr>\n<td style=\"text-align: center; width: 805px;\" valign=\"BOTTOM\"><span style=\"font-family: arial, helvetica, geneva; font-size: small;\">Inscripci\u00f3: 14\/09\/2020 &#8211; 27\/09\/2020<\/span><\/td>\n<\/tr>\n<\/tbody>\n<\/table>\n<p>La trobareu a <a href=\"http:\/\/xtec.gencat.cat\/ca\/formacio\/formaciogeneralprofessorat\/curriculum-competencies-avaluacio\/biblioteques_escolars\/\" target=\"_blank\" rel=\"noreferrer noopener\" data-saferedirecturl=\"https:\/\/www.google.com\/url?q=http:\/\/xtec.gencat.cat\/ca\/formacio\/formaciogeneralprofessorat\/curriculum-competencies-avaluacio\/biblioteques_escolars\/&amp;source=gmail&amp;ust=1600417632316000&amp;usg=AFQjCNFVycWW8dJSLiBcEDjTHb8fmFUj0A\">http:\/\/xtec.gencat.cat\/ca\/<wbr \/>formacio\/<wbr \/>formaciogeneralprofessorat\/<wbr \/>curriculum-competencies-<wbr \/>avaluacio\/biblioteques_<wbr \/>escolars\/<\/a><\/p>\n<table border=\"0\" width=\"675\" cellspacing=\"2\" cellpadding=\"0\">\n<tbody>\n<tr>\n<td style=\"width: 104px;\" valign=\"TOP\"><span style=\"font-family: arial, helvetica, geneva; font-size: small;\">9000010555<\/span><\/td>\n<td style=\"width: 563px;\" valign=\"TOP\"><span style=\"font-family: arial, helvetica, geneva; font-size: small;\"><b><a href=\"https:\/\/aplicacions.gestioeducativa.gencat.cat\/pls\/soloas\/pk_for_mod_ins.p_for_detall_activitat?p_header=Llista%20d%27activitats^pk_for_mod_ins.p_for_cons_activitats?p_codi=9000010555,9000030555,9000040555,9000060555,9000110555%26p_totes=S%26p_inici=1%26p_excloure_crp_rec=T&amp;p_codi=9000010555&amp;p_curs=2020-2021&amp;p_excloure_crp_rec=T\">La biblioteca escolar: Concepte, dinamitzaci\u00f3 i aplicaci\u00f3 de gesti\u00f3 (eP\u00e8rgam)<\/a><\/b><\/span><\/td>\n<\/tr>\n<\/tbody>\n<\/table>\n<table border=\"0\" width=\"675\" cellspacing=\"2\" cellpadding=\"0\">\n<tbody>\n<tr>\n<td style=\"width: 104px;\" valign=\"TOP\"><span style=\"font-family: arial, helvetica, geneva; font-size: small;\">9000030555<\/span><\/td>\n<td style=\"width: 563px;\" valign=\"TOP\"><span style=\"font-family: arial, helvetica, geneva; font-size: small;\"><b><a href=\"https:\/\/aplicacions.gestioeducativa.gencat.cat\/pls\/soloas\/pk_for_mod_ins.p_for_detall_activitat?p_header=Llista%20d%27activitats^pk_for_mod_ins.p_for_cons_activitats?p_codi=9000010555,9000030555,9000040555,9000060555,9000110555%26p_totes=S%26p_inici=1%26p_excloure_crp_rec=T&amp;p_codi=9000030555&amp;p_curs=2020-2021&amp;p_excloure_crp_rec=T\">Biblioteca escolar: aplicaci\u00f3 de gesti\u00f3 eP\u00e8rgam<\/a><\/b><\/span><\/td>\n<\/tr>\n<\/tbody>\n<\/table>\n<table border=\"0\" width=\"675\" cellspacing=\"2\" cellpadding=\"0\">\n<tbody>\n<tr>\n<td style=\"width: 105px;\" valign=\"TOP\"><span style=\"font-family: arial, helvetica, geneva; font-size: small;\">9000040555<\/span><\/td>\n<td style=\"width: 562px;\" valign=\"TOP\"><span style=\"font-family: arial, helvetica, geneva; font-size: small;\"><b><a href=\"https:\/\/aplicacions.gestioeducativa.gencat.cat\/pls\/soloas\/pk_for_mod_ins.p_for_detall_activitat?p_header=Llista%20d%27activitats^pk_for_mod_ins.p_for_cons_activitats?p_codi=9000010555,9000030555,9000040555,9000060555,9000110555%26p_totes=S%26p_inici=1%26p_excloure_crp_rec=T&amp;p_codi=9000040555&amp;p_curs=2020-2021&amp;p_excloure_crp_rec=T\">Biblioteca escolar en el m\u00f3n digital<\/a><\/b><\/span><\/td>\n<\/tr>\n<\/tbody>\n<\/table>\n<table border=\"0\" width=\"675\" cellspacing=\"2\" cellpadding=\"0\">\n<tbody>\n<tr>\n<td style=\"width: 105px;\" valign=\"TOP\"><span style=\"font-family: arial, helvetica, geneva; font-size: small;\">9000060555<\/span><\/td>\n<td style=\"width: 562px;\" valign=\"TOP\"><span style=\"font-family: arial, helvetica, geneva; font-size: small;\"><b><a href=\"https:\/\/aplicacions.gestioeducativa.gencat.cat\/pls\/soloas\/pk_for_mod_ins.p_for_detall_activitat?p_header=Llista%20d%27activitats^pk_for_mod_ins.p_for_cons_activitats?p_codi=9000010555,9000030555,9000040555,9000060555,9000110555%26p_totes=S%26p_inici=1%26p_excloure_crp_rec=T&amp;p_codi=9000060555&amp;p_curs=2020-2021&amp;p_excloure_crp_rec=T\">El blog de la biblioteca escolar 1: estructura i continguts.<\/a><\/b><\/span><\/td>\n<\/tr>\n<\/tbody>\n<\/table>\n<table border=\"0\" width=\"675\" cellspacing=\"2\" cellpadding=\"0\">\n<tbody>\n<tr>\n<td style=\"width: 105px;\" valign=\"TOP\"><span style=\"font-family: arial, helvetica, geneva; font-size: small;\">9000110555<\/span><\/td>\n<td style=\"width: 562px;\" valign=\"TOP\"><span style=\"font-family: arial, helvetica, geneva; font-size: small;\"><b><a href=\"https:\/\/aplicacions.gestioeducativa.gencat.cat\/pls\/soloas\/pk_for_mod_ins.p_for_detall_activitat?p_header=Llista%20d%27activitats^pk_for_mod_ins.p_for_cons_activitats?p_codi=9000010555,9000030555,9000040555,9000060555,9000110555%26p_totes=S%26p_inici=1%26p_excloure_crp_rec=T&amp;p_codi=9000110555&amp;p_curs=2020-2021&amp;p_excloure_crp_rec=T\">Biblioteca escolar i aprenentatge de la lectura<\/a><\/b><\/span><\/td>\n<\/tr>\n<\/tbody>\n<\/table>\n<p>&nbsp;<\/p>\n","protected":false},"excerpt":{"rendered":"<p>Ja s&#8217;ha obert el per\u00edode d&#8217;incripcions per a la formaci\u00f3 de biblioteques escolars per a aquest primer quadrimestre.<\/p>\n<p>Inscripci\u00f3: 14\/09\/2020 &#8211; 27\/09\/2020<\/p>\n<p>La trobareu a <a href=\"http:\/\/xtec.gencat.cat\/ca\/formacio\/formaciogeneralprofessorat\/curriculum-competencies-avaluacio\/biblioteques_escolars\/\" target=\"_blank\" rel=\"noreferrer noopener\" data-saferedirecturl=\"https:\/\/www.google.com\/url?q=http:\/\/xtec.gencat.cat\/ca\/formacio\/formaciogeneralprofessorat\/curriculum-competencies-avaluacio\/biblioteques_escolars\/&amp;source=gmail&amp;ust=1600417632316000&amp;usg=AFQjCNFVycWW8dJSLiBcEDjTHb8fmFUj0A\">http:\/\/xtec.gencat.cat\/ca\/formacio\/formaciogeneralprofessorat\/curriculum-competencies-avaluacio\/biblioteques_escolars\/<\/a><\/p>\n<p>9000010555<br \/>\n<a href=\"https:\/\/aplicacions.gestioeducativa.gencat.cat\/pls\/soloas\/pk_for_mod_ins.p_for_detall_activitat?p_header=Llista%20d%27activitats^pk_for_mod_ins.p_for_cons_activitats?p_codi=9000010555,9000030555,9000040555,9000060555,9000110555%26p_totes=S%26p_inici=1%26p_excloure_crp_rec=T&amp;p_codi=9000010555&amp;p_curs=2020-2021&amp;p_excloure_crp_rec=T\">La biblioteca escolar: Concepte, dinamitzaci\u00f3 i aplicaci\u00f3 de gesti\u00f3 (eP\u00e8rgam)<\/a><\/p>\n<p>9000030555<br \/>\n<a href=\"https:\/\/aplicacions.gestioeducativa.gencat.cat\/pls\/soloas\/pk_for_mod_ins.p_for_detall_activitat?p_header=Llista%20d%27activitats^pk_for_mod_ins.p_for_cons_activitats?p_codi=9000010555,9000030555,9000040555,9000060555,9000110555%26p_totes=S%26p_inici=1%26p_excloure_crp_rec=T&amp;p_codi=9000030555&amp;p_curs=2020-2021&amp;p_excloure_crp_rec=T\">Biblioteca escolar: aplicaci\u00f3 de gesti\u00f3 eP\u00e8rgam<\/a><\/p>\n<p>9000040555<br \/>\n<a&hellip;  <a href=\"https:\/\/serveiseducatius.xtec.cat\/altmaresme\/portada\/obert-el-periode-dinscripcio-per-formacio-de-biblioteques-escolars\/\" title=\"Read Obert el per\u00edode d&#8217;inscripci\u00f3 per formaci\u00f3 de biblioteques escolars\">Llegeix m\u00e9s\u00bb<\/a><\/p>\n","protected":false},"author":137,"featured_media":0,"comment_status":"open","ping_status":"closed","sticky":false,"template":"","format":"standard","meta":{"_bbp_topic_count":0,"_bbp_reply_count":0,"_bbp_total_topic_count":0,"_bbp_total_reply_count":0,"_bbp_voice_count":0,"_bbp_anonymous_reply_count":0,"_bbp_topic_count_hidden":0,"_bbp_reply_count_hidden":0,"_bbp_forum_subforum_count":0,"footnotes":""},"categories":[81,29],"tags":[],"class_list":["post-13061","post","type-post","status-publish","format-standard","hentry","category-biblioteca-escolar","category-portada"],"post_mailing_queue_ids":[],"_links":{"self":[{"href":"https:\/\/serveiseducatius.xtec.cat\/altmaresme\/wp-json\/wp\/v2\/posts\/13061","targetHints":{"allow":["GET"]}}],"collection":[{"href":"https:\/\/serveiseducatius.xtec.cat\/altmaresme\/wp-json\/wp\/v2\/posts"}],"about":[{"href":"https:\/\/serveiseducatius.xtec.cat\/altmaresme\/wp-json\/wp\/v2\/types\/post"}],"author":[{"embeddable":true,"href":"https:\/\/serveiseducatius.xtec.cat\/altmaresme\/wp-json\/wp\/v2\/users\/137"}],"replies":[{"embeddable":true,"href":"https:\/\/serveiseducatius.xtec.cat\/altmaresme\/wp-json\/wp\/v2\/comments?post=13061"}],"version-history":[{"count":1,"href":"https:\/\/serveiseducatius.xtec.cat\/altmaresme\/wp-json\/wp\/v2\/posts\/13061\/revisions"}],"predecessor-version":[{"id":13063,"href":"https:\/\/serveiseducatius.xtec.cat\/altmaresme\/wp-json\/wp\/v2\/posts\/13061\/revisions\/13063"}],"wp:attachment":[{"href":"https:\/\/serveiseducatius.xtec.cat\/altmaresme\/wp-json\/wp\/v2\/media?parent=13061"}],"wp:term":[{"taxonomy":"category","embeddable":true,"href":"https:\/\/serveiseducatius.xtec.cat\/altmaresme\/wp-json\/wp\/v2\/categories?post=13061"},{"taxonomy":"post_tag","embeddable":true,"href":"https:\/\/serveiseducatius.xtec.cat\/altmaresme\/wp-json\/wp\/v2\/tags?post=13061"}],"curies":[{"name":"wp","href":"https:\/\/api.w.org\/{rel}","templated":true}]}}