{"id":12977,"date":"2020-06-17T08:44:37","date_gmt":"2020-06-17T06:44:37","guid":{"rendered":"http:\/\/serveiseducatius.xtec.cat\/altmaresme\/?p=12977"},"modified":"2020-06-17T04:58:25","modified_gmt":"2020-06-17T02:58:25","slug":"dia-internacional-per-a-leducacio-no-sexista","status":"publish","type":"post","link":"https:\/\/serveiseducatius.xtec.cat\/altmaresme\/general\/dia-internacional-per-a-leducacio-no-sexista\/","title":{"rendered":"Dia Internacional per a l&#8217;Educaci\u00f3 No Sexista"},"content":{"rendered":"<p><span class=\"css-901oao css-16my406 r-1qd0xha r-ad9z0x r-bcqeeo r-qvutc0\"><img loading=\"lazy\" decoding=\"async\" class=\"aligncenter  wp-image-12978 alignleft\" src=\"https:\/\/serveiseducatius.xtec.cat\/altmaresme\/wp-content\/uploads\/usu1140\/2020\/06\/Captura-de-pantalla-2020-06-17-a-las-4.50.58.png\" alt=\"\" width=\"479\" height=\"227\" srcset=\"https:\/\/serveiseducatius.xtec.cat\/altmaresme\/wp-content\/uploads\/usu1140\/2020\/06\/Captura-de-pantalla-2020-06-17-a-las-4.50.58.png 786w, https:\/\/serveiseducatius.xtec.cat\/altmaresme\/wp-content\/uploads\/usu1140\/2020\/06\/Captura-de-pantalla-2020-06-17-a-las-4.50.58-300x142.png 300w, https:\/\/serveiseducatius.xtec.cat\/altmaresme\/wp-content\/uploads\/usu1140\/2020\/06\/Captura-de-pantalla-2020-06-17-a-las-4.50.58-768x363.png 768w\" sizes=\"auto, (max-width: 479px) 100vw, 479px\" \/><strong>21 de juny, Dia Internacional per a l&#8217;Educaci\u00f3 No Sexista<\/strong>. Recursos per a potenciar la perspectiva de g\u00e8nere i despertar l&#8217;esperit cr\u00edtic de l&#8217;alumnat. <\/span><a class=\"r-1n1174f r-1loqt21 r-1qd0xha r-ad9z0x r-bcqeeo r-qvutc0 css-4rbku5 css-18t94o4 css-901oao css-16my406\" dir=\"ltr\" title=\"http:\/\/xtec.gencat.cat\/ca\/curriculum\/coeducacio\/dates-interes\/Dia-Internacional-per-a-Educacio-No-Sexista\/\" role=\"link\" href=\"https:\/\/t.co\/7YqcHevzwV?amp=1\" target=\"_blank\" rel=\"noopener noreferrer\" data-focusable=\"true\"><span class=\"css-901oao css-16my406 r-1qd0xha r-hiw28u r-ad9z0x r-bcqeeo r-qvutc0\" aria-hidden=\"true\">http:\/\/<\/span>xtec.gencat.cat\/ca\/curriculum\/<span class=\"css-901oao css-16my406 r-1qd0xha r-hiw28u r-ad9z0x r-bcqeeo r-qvutc0\" aria-hidden=\"true\">coeducacio\/dates-interes\/Dia-Internacional-per-a-Educacio-No-Sexista\/<\/span><span class=\"css-901oao css-16my406 r-1qd0xha r-ad9z0x r-bcqeeo r-lrvibr r-qvutc0\" aria-hidden=\"true\">\u2026<\/span><\/a> <span class=\"r-18u37iz\"><a class=\"css-4rbku5 css-18t94o4 css-901oao css-16my406 r-1n1174f r-1loqt21 r-1qd0xha r-ad9z0x r-bcqeeo r-qvutc0\" dir=\"ltr\" role=\"link\" href=\"https:\/\/twitter.com\/hashtag\/alscentres?src=hashtag_click\" data-focusable=\"true\">#alscentres<\/a><\/span> <span class=\"r-18u37iz\"><a class=\"css-4rbku5 css-18t94o4 css-901oao css-16my406 r-1n1174f r-1loqt21 r-1qd0xha r-ad9z0x r-bcqeeo r-qvutc0\" dir=\"ltr\" role=\"link\" href=\"https:\/\/twitter.com\/hashtag\/educaci%C3%B3nosexista?src=hashtag_click\" data-focusable=\"true\">#educaci\u00f3nosexista<\/a><\/span> <span class=\"r-18u37iz\"><a class=\"css-4rbku5 css-18t94o4 css-901oao css-16my406 r-1n1174f r-1loqt21 r-1qd0xha r-ad9z0x r-bcqeeo r-qvutc0\" dir=\"ltr\" role=\"link\" href=\"https:\/\/twitter.com\/hashtag\/nosexista?src=hashtag_click\" data-focusable=\"true\">#nosexista<\/a><\/span> <span class=\"r-18u37iz\"><a class=\"css-4rbku5 css-18t94o4 css-901oao css-16my406 r-1n1174f r-1loqt21 r-1qd0xha r-ad9z0x r-bcqeeo r-qvutc0\" dir=\"ltr\" role=\"link\" href=\"https:\/\/twitter.com\/hashtag\/g%C3%A8nere?src=hashtag_click\" data-focusable=\"true\">#g\u00e8nere<\/a><\/span><\/p>\n","protected":false},"excerpt":{"rendered":"<p>21 de juny, Dia Internacional per a l&#8217;Educaci\u00f3 No Sexista. Recursos per a potenciar la perspectiva de g\u00e8nere i despertar l&#8217;esperit cr\u00edtic de l&#8217;alumnat. <a class=\"r-1n1174f r-1loqt21 r-1qd0xha r-ad9z0x r-bcqeeo r-qvutc0 css-4rbku5 css-18t94o4 css-901oao css-16my406\" dir=\"ltr\" title=\"http:\/\/xtec.gencat.cat\/ca\/curriculum\/coeducacio\/dates-interes\/Dia-Internacional-per-a-Educacio-No-Sexista\/\" role=\"link\" href=\"https:\/\/t.co\/7YqcHevzwV?amp=1\" target=\"_blank\" rel=\"noopener noreferrer\" data-focusable=\"true\">http:\/\/xtec.gencat.cat\/ca\/curriculum\/coeducacio\/dates-interes\/Dia-Internacional-per-a-Educacio-No-Sexista\/\u2026<\/a> <a class=\"css-4rbku5&hellip;  <a href=\"https:\/\/serveiseducatius.xtec.cat\/altmaresme\/general\/dia-internacional-per-a-leducacio-no-sexista\/\" title=\"Read Dia Internacional per a l&#8217;Educaci\u00f3 No Sexista\">Llegeix m\u00e9s\u00bb<\/a><\/p>\n","protected":false},"author":1,"featured_media":12978,"comment_status":"open","ping_status":"closed","sticky":false,"template":"","format":"standard","meta":{"_bbp_topic_count":0,"_bbp_reply_count":0,"_bbp_total_topic_count":0,"_bbp_total_reply_count":0,"_bbp_voice_count":0,"_bbp_anonymous_reply_count":0,"_bbp_topic_count_hidden":0,"_bbp_reply_count_hidden":0,"_bbp_forum_subforum_count":0,"footnotes":""},"categories":[1,29],"tags":[],"class_list":["post-12977","post","type-post","status-publish","format-standard","has-post-thumbnail","hentry","category-general","category-portada"],"post_mailing_queue_ids":[],"_links":{"self":[{"href":"https:\/\/serveiseducatius.xtec.cat\/altmaresme\/wp-json\/wp\/v2\/posts\/12977","targetHints":{"allow":["GET"]}}],"collection":[{"href":"https:\/\/serveiseducatius.xtec.cat\/altmaresme\/wp-json\/wp\/v2\/posts"}],"about":[{"href":"https:\/\/serveiseducatius.xtec.cat\/altmaresme\/wp-json\/wp\/v2\/types\/post"}],"author":[{"embeddable":true,"href":"https:\/\/serveiseducatius.xtec.cat\/altmaresme\/wp-json\/wp\/v2\/users\/1"}],"replies":[{"embeddable":true,"href":"https:\/\/serveiseducatius.xtec.cat\/altmaresme\/wp-json\/wp\/v2\/comments?post=12977"}],"version-history":[{"count":1,"href":"https:\/\/serveiseducatius.xtec.cat\/altmaresme\/wp-json\/wp\/v2\/posts\/12977\/revisions"}],"predecessor-version":[{"id":12979,"href":"https:\/\/serveiseducatius.xtec.cat\/altmaresme\/wp-json\/wp\/v2\/posts\/12977\/revisions\/12979"}],"wp:featuredmedia":[{"embeddable":true,"href":"https:\/\/serveiseducatius.xtec.cat\/altmaresme\/wp-json\/wp\/v2\/media\/12978"}],"wp:attachment":[{"href":"https:\/\/serveiseducatius.xtec.cat\/altmaresme\/wp-json\/wp\/v2\/media?parent=12977"}],"wp:term":[{"taxonomy":"category","embeddable":true,"href":"https:\/\/serveiseducatius.xtec.cat\/altmaresme\/wp-json\/wp\/v2\/categories?post=12977"},{"taxonomy":"post_tag","embeddable":true,"href":"https:\/\/serveiseducatius.xtec.cat\/altmaresme\/wp-json\/wp\/v2\/tags?post=12977"}],"curies":[{"name":"wp","href":"https:\/\/api.w.org\/{rel}","templated":true}]}}