{"id":12943,"date":"2020-06-05T08:20:08","date_gmt":"2020-06-05T06:20:08","guid":{"rendered":"http:\/\/serveiseducatius.xtec.cat\/altmaresme\/?p=12943"},"modified":"2020-06-04T16:35:19","modified_gmt":"2020-06-04T14:35:19","slug":"inscripcio-a-la-i-jornada-lorientacio-en-la-formacio-professional-2020","status":"publish","type":"post","link":"https:\/\/serveiseducatius.xtec.cat\/altmaresme\/general\/inscripcio-a-la-i-jornada-lorientacio-en-la-formacio-professional-2020\/","title":{"rendered":"Inscripci\u00f3 a la  I Jornada L&#8217;orientaci\u00f3 en la Formaci\u00f3 Professional 2020"},"content":{"rendered":"<p><a href=\"http:\/\/xtec.gencat.cat\/ca\/agenda\/Inscripcio-a-la-Jornada-Lorientacio-en-la-Formacio-Professional-2020\"><img loading=\"lazy\" decoding=\"async\" class=\"aligncenter  wp-image-12944 alignleft\" src=\"https:\/\/serveiseducatius.xtec.cat\/altmaresme\/wp-content\/uploads\/usu1140\/2020\/06\/Captura-de-pantalla-2020-06-04-a-las-16.33.05.png\" alt=\"\" width=\"391\" height=\"200\" srcset=\"https:\/\/serveiseducatius.xtec.cat\/altmaresme\/wp-content\/uploads\/usu1140\/2020\/06\/Captura-de-pantalla-2020-06-04-a-las-16.33.05.png 742w, https:\/\/serveiseducatius.xtec.cat\/altmaresme\/wp-content\/uploads\/usu1140\/2020\/06\/Captura-de-pantalla-2020-06-04-a-las-16.33.05-300x154.png 300w\" sizes=\"auto, (max-width: 391px) 100vw, 391px\" \/><\/a>Jornada de difusi\u00f3 de la figura professional de l&#8217;orientador\/a i de bones pr\u00e0ctiques d&#8217;orientaci\u00f3 en la Formaci\u00f3 Professional, amb els objectius de donar a con\u00e8ixer les diferents accions que, des de diferents \u00e0rees, s&#8217;estan duent a terme respecte a l&#8217;orientaci\u00f3 en la Formaci\u00f3 professional i difondre bones pr\u00e0ctiques respecte a l&#8217;orientaci\u00f3 educativa en la Formaci\u00f3 professional.<\/p>\n<p>clica la imatge<\/p>\n","protected":false},"excerpt":{"rendered":"<p><a href=\"http:\/\/xtec.gencat.cat\/ca\/agenda\/Inscripcio-a-la-Jornada-Lorientacio-en-la-Formacio-Professional-2020\"><\/a>Jornada de difusi\u00f3 de la figura professional de l&#8217;orientador\/a i de bones pr\u00e0ctiques d&#8217;orientaci\u00f3 en la Formaci\u00f3 Professional, amb els objectius de donar a con\u00e8ixer les diferents accions que, des de diferents \u00e0rees, s&#8217;estan duent a terme respecte a l&#8217;orientaci\u00f3 en la Formaci\u00f3 professional&hellip;  <a href=\"https:\/\/serveiseducatius.xtec.cat\/altmaresme\/general\/inscripcio-a-la-i-jornada-lorientacio-en-la-formacio-professional-2020\/\" title=\"Read Inscripci\u00f3 a la  I Jornada L&#8217;orientaci\u00f3 en la Formaci\u00f3 Professional 2020\">Llegeix m\u00e9s\u00bb<\/a><\/p>\n","protected":false},"author":1,"featured_media":12944,"comment_status":"open","ping_status":"closed","sticky":false,"template":"","format":"standard","meta":{"_bbp_topic_count":0,"_bbp_reply_count":0,"_bbp_total_topic_count":0,"_bbp_total_reply_count":0,"_bbp_voice_count":0,"_bbp_anonymous_reply_count":0,"_bbp_topic_count_hidden":0,"_bbp_reply_count_hidden":0,"_bbp_forum_subforum_count":0,"footnotes":""},"categories":[1,666,29],"tags":[],"class_list":["post-12943","post","type-post","status-publish","format-standard","has-post-thumbnail","hentry","category-general","category-orientacio","category-portada"],"post_mailing_queue_ids":[],"_links":{"self":[{"href":"https:\/\/serveiseducatius.xtec.cat\/altmaresme\/wp-json\/wp\/v2\/posts\/12943","targetHints":{"allow":["GET"]}}],"collection":[{"href":"https:\/\/serveiseducatius.xtec.cat\/altmaresme\/wp-json\/wp\/v2\/posts"}],"about":[{"href":"https:\/\/serveiseducatius.xtec.cat\/altmaresme\/wp-json\/wp\/v2\/types\/post"}],"author":[{"embeddable":true,"href":"https:\/\/serveiseducatius.xtec.cat\/altmaresme\/wp-json\/wp\/v2\/users\/1"}],"replies":[{"embeddable":true,"href":"https:\/\/serveiseducatius.xtec.cat\/altmaresme\/wp-json\/wp\/v2\/comments?post=12943"}],"version-history":[{"count":1,"href":"https:\/\/serveiseducatius.xtec.cat\/altmaresme\/wp-json\/wp\/v2\/posts\/12943\/revisions"}],"predecessor-version":[{"id":12945,"href":"https:\/\/serveiseducatius.xtec.cat\/altmaresme\/wp-json\/wp\/v2\/posts\/12943\/revisions\/12945"}],"wp:featuredmedia":[{"embeddable":true,"href":"https:\/\/serveiseducatius.xtec.cat\/altmaresme\/wp-json\/wp\/v2\/media\/12944"}],"wp:attachment":[{"href":"https:\/\/serveiseducatius.xtec.cat\/altmaresme\/wp-json\/wp\/v2\/media?parent=12943"}],"wp:term":[{"taxonomy":"category","embeddable":true,"href":"https:\/\/serveiseducatius.xtec.cat\/altmaresme\/wp-json\/wp\/v2\/categories?post=12943"},{"taxonomy":"post_tag","embeddable":true,"href":"https:\/\/serveiseducatius.xtec.cat\/altmaresme\/wp-json\/wp\/v2\/tags?post=12943"}],"curies":[{"name":"wp","href":"https:\/\/api.w.org\/{rel}","templated":true}]}}