{"id":12930,"date":"2020-06-02T08:53:31","date_gmt":"2020-06-02T06:53:31","guid":{"rendered":"http:\/\/serveiseducatius.xtec.cat\/altmaresme\/?p=12930"},"modified":"2020-06-02T06:13:03","modified_gmt":"2020-06-02T04:13:03","slug":"dia-mundial-del-medi-ambient-2020-lhora-de-la-natura","status":"publish","type":"post","link":"https:\/\/serveiseducatius.xtec.cat\/altmaresme\/general\/dia-mundial-del-medi-ambient-2020-lhora-de-la-natura\/","title":{"rendered":"Dia Mundial del Medi Ambient 2020 L\u2019hora de la Natura"},"content":{"rendered":"<div class=\"addtoany_share_save_container addtoany_content addtoany_content_top\">\n<div class=\"a2a_kit a2a_kit_size_16 addtoany_list\" data-a2a-url=\"https:\/\/serveiseducatius.xtec.cat\/badalona\/portada\/dia-mundial-del-medi-ambient-2020-lhora-de-la-natura\/\" data-a2a-title=\"Dia Mundial del Medi Ambient 2020 L\u2019hora de la Natura\"><\/div>\n<\/div>\n<p style=\"text-align: justify;\"><a href=\"http:\/\/mediambient.gencat.cat\/ca\/05_ambits_dactuacio\/educacio_i_sostenibilitat\/dia-mundial-del-medi-ambient\/\" target=\"_blank\" rel=\"noopener noreferrer\"><img loading=\"lazy\" decoding=\"async\" class=\"size-full wp-image-14166 alignleft\" src=\"https:\/\/serveiseducatius.xtec.cat\/badalona\/wp-content\/uploads\/usu1088\/2020\/05\/activitats1.png\" sizes=\"auto, (max-width: 483px) 100vw, 483px\" srcset=\"https:\/\/serveiseducatius.xtec.cat\/badalona\/wp-content\/uploads\/usu1088\/2020\/05\/activitats1.png 483w, https:\/\/serveiseducatius.xtec.cat\/badalona\/wp-content\/uploads\/usu1088\/2020\/05\/activitats1-300x61.png 300w\" alt=\"\" width=\"483\" height=\"99\" \/><\/a>La celebraci\u00f3 del Dia Mundial del Medi Ambient 2020, el 5 de juny, aquest any amb el lema \u201c\u00c9s l\u2019hora de la natura\u201d, s\u2019adapta a un format virtual i ens convida a obrir una nova finestra per endinsar-nos en la natura sense sortir de casa. La Generalitat de Catalunya ha publicat un\u00a0<a href=\"http:\/\/mediambient.gencat.cat\/ca\/05_ambits_dactuacio\/educacio_i_sostenibilitat\/dia-mundial-del-medi-ambient\/\" target=\"_blank\" rel=\"noopener noreferrer\" data-saferedirecturl=\"https:\/\/www.google.com\/url?q=http:\/\/mediambient.gencat.cat\/ca\/05_ambits_dactuacio\/educacio_i_sostenibilitat\/dia-mundial-del-medi-ambient\/&amp;source=gmail&amp;ust=1590825226279000&amp;usg=AFQjCNEVOVADiLlr0tpL1SdCuLWm-jnqjA\">web<\/a>\u00a0espec\u00edfic amb una selecci\u00f3 de continguts per reflexionar i actuar, sense moure\u2019ns de casa: confer\u00e8ncies i di\u00e0legs en l\u00ednia, debats, visites virtuals a diferents espais i d\u2019altres accions m\u00e9s participatives que ja s\u2019estan fent. En aquest web tamb\u00e9 trobareu un repte que us proposen: contesteu el Kahoot i demostreu si coneixeu la natura de casa nostra. Estar\u00e0 actiu a partir de l\u20191 de juny i tindreu fins al 7 de juny per respondre\u2019l. D\u2019altra banda, el mateix 5 de juny a les 10.30 h tindr\u00e0 lloc un di\u00e0leg virtual: \u201cAra que el m\u00f3n ha de reprendre l\u2019activitat, \u00e9s intel\u2022ligent i econ\u00f2mic tornar a treballar contra la natura?\u201d entre Miquel Rovira, director de Sostenibilitat d\u2019EURECAT i Carles Ib\u00e1\u00f1ez, doctor en biologia i investigador de l\u2019IRTA i patr\u00f3 del Consell Assessor per al Desenvolupament Sostenible, que parlaran sobre com la soluci\u00f3 passa per entendre b\u00e9 com funciona la natura i innovar basant-nos en els seus processos. L\u2019acte comptar\u00e0 amb l\u2019actuaci\u00f3 musical de Meritxell Neddermann. M\u00e9s informaci\u00f3 i inscripcions al\u00a0<a href=\"http:\/\/mediambient.gencat.cat\/ca\/05_ambits_dactuacio\/educacio_i_sostenibilitat\/dia-mundial-del-medi-ambient\/\" target=\"_blank\" rel=\"noopener noreferrer\" data-saferedirecturl=\"https:\/\/www.google.com\/url?q=http:\/\/mediambient.gencat.cat\/ca\/05_ambits_dactuacio\/educacio_i_sostenibilitat\/dia-mundial-del-medi-ambient\/&amp;source=gmail&amp;ust=1590825226279000&amp;usg=AFQjCNEVOVADiLlr0tpL1SdCuLWm-jnqjA\">web del Dia Mundial del Medi Ambient 2020 a Catalunya<\/a>.<\/p>\n","protected":false},"excerpt":{"rendered":"<p><a href=\"http:\/\/mediambient.gencat.cat\/ca\/05_ambits_dactuacio\/educacio_i_sostenibilitat\/dia-mundial-del-medi-ambient\/\" target=\"_blank\" rel=\"noopener noreferrer\"><\/a>La celebraci\u00f3 del Dia Mundial del Medi Ambient 2020, el 5 de juny, aquest any amb el lema \u201c\u00c9s l\u2019hora de la natura\u201d, s\u2019adapta a un format virtual i ens convida a obrir una nova finestra per endinsar-nos en la natura&hellip;  <a href=\"https:\/\/serveiseducatius.xtec.cat\/altmaresme\/general\/dia-mundial-del-medi-ambient-2020-lhora-de-la-natura\/\" title=\"Read Dia Mundial del Medi Ambient 2020 L\u2019hora de la Natura\">Llegeix m\u00e9s\u00bb<\/a><\/p>\n","protected":false},"author":1,"featured_media":12931,"comment_status":"open","ping_status":"closed","sticky":false,"template":"","format":"standard","meta":{"_bbp_topic_count":0,"_bbp_reply_count":0,"_bbp_total_topic_count":0,"_bbp_total_reply_count":0,"_bbp_voice_count":0,"_bbp_anonymous_reply_count":0,"_bbp_topic_count_hidden":0,"_bbp_reply_count_hidden":0,"_bbp_forum_subforum_count":0,"footnotes":""},"categories":[1,29],"tags":[],"class_list":["post-12930","post","type-post","status-publish","format-standard","has-post-thumbnail","hentry","category-general","category-portada"],"post_mailing_queue_ids":[],"_links":{"self":[{"href":"https:\/\/serveiseducatius.xtec.cat\/altmaresme\/wp-json\/wp\/v2\/posts\/12930","targetHints":{"allow":["GET"]}}],"collection":[{"href":"https:\/\/serveiseducatius.xtec.cat\/altmaresme\/wp-json\/wp\/v2\/posts"}],"about":[{"href":"https:\/\/serveiseducatius.xtec.cat\/altmaresme\/wp-json\/wp\/v2\/types\/post"}],"author":[{"embeddable":true,"href":"https:\/\/serveiseducatius.xtec.cat\/altmaresme\/wp-json\/wp\/v2\/users\/1"}],"replies":[{"embeddable":true,"href":"https:\/\/serveiseducatius.xtec.cat\/altmaresme\/wp-json\/wp\/v2\/comments?post=12930"}],"version-history":[{"count":1,"href":"https:\/\/serveiseducatius.xtec.cat\/altmaresme\/wp-json\/wp\/v2\/posts\/12930\/revisions"}],"predecessor-version":[{"id":12932,"href":"https:\/\/serveiseducatius.xtec.cat\/altmaresme\/wp-json\/wp\/v2\/posts\/12930\/revisions\/12932"}],"wp:featuredmedia":[{"embeddable":true,"href":"https:\/\/serveiseducatius.xtec.cat\/altmaresme\/wp-json\/wp\/v2\/media\/12931"}],"wp:attachment":[{"href":"https:\/\/serveiseducatius.xtec.cat\/altmaresme\/wp-json\/wp\/v2\/media?parent=12930"}],"wp:term":[{"taxonomy":"category","embeddable":true,"href":"https:\/\/serveiseducatius.xtec.cat\/altmaresme\/wp-json\/wp\/v2\/categories?post=12930"},{"taxonomy":"post_tag","embeddable":true,"href":"https:\/\/serveiseducatius.xtec.cat\/altmaresme\/wp-json\/wp\/v2\/tags?post=12930"}],"curies":[{"name":"wp","href":"https:\/\/api.w.org\/{rel}","templated":true}]}}