{"id":12917,"date":"2020-06-02T08:39:52","date_gmt":"2020-06-02T06:39:52","guid":{"rendered":"http:\/\/serveiseducatius.xtec.cat\/altmaresme\/?p=12917"},"modified":"2020-06-02T06:04:16","modified_gmt":"2020-06-02T04:04:16","slug":"al-teu-costat-en-la-tria-educativa-informacio-i-orientacio-academica-virtual","status":"publish","type":"post","link":"https:\/\/serveiseducatius.xtec.cat\/altmaresme\/general\/al-teu-costat-en-la-tria-educativa-informacio-i-orientacio-academica-virtual\/","title":{"rendered":"Al teu costat en la tria educativa. Informaci\u00f3 i orientaci\u00f3 acad\u00e8mica virtual."},"content":{"rendered":"<p>El Departament d&#8217;Educaci\u00f3 impulsa &#8220;Al teu costat en la tria educativa&#8221;, un projecte d&#8217;informaci\u00f3 i orientaci\u00f3 acad\u00e8mica virtual que vol ajudar l&#8217;alumnat i les seves fam\u00edlies en la tria dels ensenyaments postobligatoris i de l&#8217;itinerari educatiu.<\/p>\n<table style=\"height: 445px;\" width=\"733\">\n<tbody>\n<tr style=\"height: 174px;\">\n<td style=\"width: 362.727px; height: 174px;\"><span class=\"css-901oao css-16my406 r-1qd0xha r-ad9z0x r-bcqeeo r-qvutc0\"><img loading=\"lazy\" decoding=\"async\" class=\"wp-image-12918 aligncenter\" src=\"https:\/\/serveiseducatius.xtec.cat\/altmaresme\/wp-content\/uploads\/usu1140\/2020\/06\/Captura-de-pantalla-2020-06-02-a-las-5.37.24.png\" alt=\"\" width=\"300\" height=\"144\" srcset=\"https:\/\/serveiseducatius.xtec.cat\/altmaresme\/wp-content\/uploads\/usu1140\/2020\/06\/Captura-de-pantalla-2020-06-02-a-las-5.37.24.png 808w, https:\/\/serveiseducatius.xtec.cat\/altmaresme\/wp-content\/uploads\/usu1140\/2020\/06\/Captura-de-pantalla-2020-06-02-a-las-5.37.24-300x144.png 300w, https:\/\/serveiseducatius.xtec.cat\/altmaresme\/wp-content\/uploads\/usu1140\/2020\/06\/Captura-de-pantalla-2020-06-02-a-las-5.37.24-768x369.png 768w\" sizes=\"auto, (max-width: 300px) 100vw, 300px\" \/><\/span><\/td>\n<td style=\"width: 362.727px; height: 174px;\"><span class=\"css-901oao css-16my406 r-1qd0xha r-ad9z0x r-bcqeeo r-qvutc0\">Preinscripci\u00f3 d&#8217;ensenyaments postobligatoris. Avan\u00e7ament de calendaris de presentaci\u00f3 de sol\u00b7licituds de preinscripci\u00f3 per al curs 2020-2021. <\/span><a class=\"css-4rbku5 css-18t94o4 css-901oao css-16my406 r-1n1174f r-1loqt21 r-1qd0xha r-ad9z0x r-bcqeeo r-qvutc0\" dir=\"ltr\" role=\"link\" href=\"https:\/\/t.co\/jA7ajDu2uv?amp=1\" target=\"_blank\" rel=\"noopener noreferrer\" data-focusable=\"true\"><span class=\"css-901oao css-16my406 r-1qd0xha r-hiw28u r-ad9z0x r-bcqeeo r-qvutc0\" aria-hidden=\"true\">http:\/\/<\/span>ensenyament.gencat.cat\/ca\/Detall\/cale<span class=\"css-901oao css-16my406 r-1qd0xha r-hiw28u r-ad9z0x r-bcqeeo r-qvutc0\" aria-hidden=\"true\">ndari-preinscripcio<\/span><span class=\"css-901oao css-16my406 r-1qd0xha r-ad9z0x r-bcqeeo r-lrvibr r-qvutc0\" aria-hidden=\"true\">\u2026<\/span><\/a><\/td>\n<\/tr>\n<tr style=\"height: 178px;\">\n<td style=\"width: 362.727px; height: 178px;\"><img loading=\"lazy\" decoding=\"async\" class=\"wp-image-12919 aligncenter\" src=\"https:\/\/serveiseducatius.xtec.cat\/altmaresme\/wp-content\/uploads\/usu1140\/2020\/06\/Captura-de-pantalla-2020-06-02-a-las-5.31.28.png\" alt=\"\" width=\"303\" height=\"148\" srcset=\"https:\/\/serveiseducatius.xtec.cat\/altmaresme\/wp-content\/uploads\/usu1140\/2020\/06\/Captura-de-pantalla-2020-06-02-a-las-5.31.28.png 960w, https:\/\/serveiseducatius.xtec.cat\/altmaresme\/wp-content\/uploads\/usu1140\/2020\/06\/Captura-de-pantalla-2020-06-02-a-las-5.31.28-300x147.png 300w, https:\/\/serveiseducatius.xtec.cat\/altmaresme\/wp-content\/uploads\/usu1140\/2020\/06\/Captura-de-pantalla-2020-06-02-a-las-5.31.28-768x376.png 768w\" sizes=\"auto, (max-width: 303px) 100vw, 303px\" \/><\/td>\n<td style=\"width: 362.727px; height: 178px;\">Al teu costat en la tria educativa Informaci\u00f3 i orientaci\u00f3 acad\u00e8mica virtual.<\/p>\n<p>http:\/\/ensenyament.gencat.cat\/ca\/actualitat\/orientacio\/\u2026<\/td>\n<\/tr>\n<tr style=\"height: 31px;\">\n<td style=\"width: 362.727px; height: 31px;\"><img loading=\"lazy\" decoding=\"async\" class=\"aligncenter  wp-image-12920\" src=\"https:\/\/serveiseducatius.xtec.cat\/altmaresme\/wp-content\/uploads\/usu1140\/2020\/06\/Captura-de-pantalla-2020-06-02-a-las-5.44.32.png\" alt=\"\" width=\"303\" height=\"147\" srcset=\"https:\/\/serveiseducatius.xtec.cat\/altmaresme\/wp-content\/uploads\/usu1140\/2020\/06\/Captura-de-pantalla-2020-06-02-a-las-5.44.32.png 804w, https:\/\/serveiseducatius.xtec.cat\/altmaresme\/wp-content\/uploads\/usu1140\/2020\/06\/Captura-de-pantalla-2020-06-02-a-las-5.44.32-300x146.png 300w, https:\/\/serveiseducatius.xtec.cat\/altmaresme\/wp-content\/uploads\/usu1140\/2020\/06\/Captura-de-pantalla-2020-06-02-a-las-5.44.32-768x373.png 768w\" sizes=\"auto, (max-width: 303px) 100vw, 303px\" \/><\/td>\n<td style=\"width: 362.727px; height: 31px;\">Jornada internacional empr\u00e8nfp. 2 de juny.<\/p>\n<p><a class=\"css-4rbku5 css-18t94o4 css-901oao css-16my406 r-1n1174f r-1loqt21 r-1qd0xha r-ad9z0x r-bcqeeo r-qvutc0\" dir=\"ltr\" role=\"link\" href=\"https:\/\/t.co\/jDZosNmIuo?amp=1\" target=\"_blank\" rel=\"noopener noreferrer\" data-focusable=\"true\"><span class=\"css-901oao css-16my406 r-1qd0xha r-hiw28u r-ad9z0x r-bcqeeo r-qvutc0\" aria-hidden=\"true\">https:\/\/<\/span>sites.google.com\/xtec.cat\/jorna<span class=\"css-901oao css-16my406 r-1qd0xha r-hiw28u r-ad9z0x r-bcqeeo r-qvutc0\" aria-hidden=\"true\">da-interacional\/jornada-programes-fp<\/span><span class=\"css-901oao css-16my406 r-1qd0xha r-ad9z0x r-bcqeeo r-lrvibr r-qvutc0\" aria-hidden=\"true\">\u2026<\/span><\/a><\/td>\n<\/tr>\n<tr style=\"height: 31px;\">\n<td style=\"width: 362.727px; height: 31px;\"><img loading=\"lazy\" decoding=\"async\" class=\"aligncenter size-full wp-image-12921\" src=\"https:\/\/serveiseducatius.xtec.cat\/altmaresme\/wp-content\/uploads\/usu1140\/2020\/06\/Captura-de-pantalla-2020-06-02-a-las-5.46.20.png\" alt=\"\" width=\"804\" height=\"380\" srcset=\"https:\/\/serveiseducatius.xtec.cat\/altmaresme\/wp-content\/uploads\/usu1140\/2020\/06\/Captura-de-pantalla-2020-06-02-a-las-5.46.20.png 804w, https:\/\/serveiseducatius.xtec.cat\/altmaresme\/wp-content\/uploads\/usu1140\/2020\/06\/Captura-de-pantalla-2020-06-02-a-las-5.46.20-300x142.png 300w, https:\/\/serveiseducatius.xtec.cat\/altmaresme\/wp-content\/uploads\/usu1140\/2020\/06\/Captura-de-pantalla-2020-06-02-a-las-5.46.20-768x363.png 768w\" sizes=\"auto, (max-width: 804px) 100vw, 804px\" \/><\/td>\n<td style=\"width: 362.727px; height: 31px;\"><span class=\"css-901oao css-16my406 r-1qd0xha r-ad9z0x r-bcqeeo r-qvutc0\">Formaci\u00f3 professional: actualitzaci\u00f3 de les orientacions pels t\u00edtols LOE. Consulteu-les aqu\u00ed: <\/span><a class=\"css-4rbku5 css-18t94o4 css-901oao css-16my406 r-1n1174f r-1loqt21 r-1qd0xha r-ad9z0x r-bcqeeo r-qvutc0\" dir=\"ltr\" role=\"link\" href=\"https:\/\/t.co\/opdOYNlHYz?amp=1\" target=\"_blank\" rel=\"noopener noreferrer\" data-focusable=\"true\"><span class=\"css-901oao css-16my406 r-1qd0xha r-hiw28u r-ad9z0x r-bcqeeo r-qvutc0\" aria-hidden=\"true\">http:\/\/<\/span>xtec.gencat.cat\/ca\/curriculum\/<span class=\"css-901oao css-16my406 r-1qd0xha r-hiw28u r-ad9z0x r-bcqeeo r-qvutc0\" aria-hidden=\"true\">professionals\/fp\/titolsloe\/<\/span><span class=\"css-901oao css-16my406 r-1qd0xha r-ad9z0x r-bcqeeo r-lrvibr r-qvutc0\" aria-hidden=\"true\">\u2026<\/span><\/a><\/td>\n<\/tr>\n<tr style=\"height: 31px;\">\n<td style=\"width: 362.727px; height: 31px;\"><img loading=\"lazy\" decoding=\"async\" class=\"aligncenter size-full wp-image-12922\" src=\"https:\/\/serveiseducatius.xtec.cat\/altmaresme\/wp-content\/uploads\/usu1140\/2020\/06\/Captura-de-pantalla-2020-06-02-a-las-5.50.50.png\" alt=\"\" width=\"888\" height=\"446\" srcset=\"https:\/\/serveiseducatius.xtec.cat\/altmaresme\/wp-content\/uploads\/usu1140\/2020\/06\/Captura-de-pantalla-2020-06-02-a-las-5.50.50.png 888w, https:\/\/serveiseducatius.xtec.cat\/altmaresme\/wp-content\/uploads\/usu1140\/2020\/06\/Captura-de-pantalla-2020-06-02-a-las-5.50.50-300x151.png 300w, https:\/\/serveiseducatius.xtec.cat\/altmaresme\/wp-content\/uploads\/usu1140\/2020\/06\/Captura-de-pantalla-2020-06-02-a-las-5.50.50-768x386.png 768w\" sizes=\"auto, (max-width: 888px) 100vw, 888px\" \/><\/td>\n<td style=\"width: 362.727px; height: 31px;\"><span class=\"css-901oao css-16my406 r-1qd0xha r-ad9z0x r-bcqeeo r-qvutc0\">T&#8217;agradaria iniciar el curs vinent un cicle de <\/span><span class=\"r-18u37iz\"><a class=\"css-4rbku5 css-18t94o4 css-901oao css-16my406 r-1n1174f r-1loqt21 r-1qd0xha r-ad9z0x r-bcqeeo r-qvutc0\" dir=\"ltr\" role=\"link\" href=\"https:\/\/twitter.com\/hashtag\/Formaci%C3%B3Professional?src=hashtag_click\" data-focusable=\"true\">#Formaci\u00f3Professional<\/a><\/span><span class=\"css-901oao css-16my406 r-1qd0xha r-ad9z0x r-bcqeeo r-qvutc0\">?<\/span><\/p>\n<p>T&#8217;ajudem a triar! Tens 24 fam\u00edlies professionals i moltes opcions.<\/p>\n<p>http:\/\/ensenyament.gencat.cat\/ca\/actualitat\/orientacio\/fp\/\u2026<\/td>\n<\/tr>\n<tr>\n<td style=\"width: 362.727px;\"><img loading=\"lazy\" decoding=\"async\" class=\"aligncenter size-full wp-image-12923\" src=\"https:\/\/serveiseducatius.xtec.cat\/altmaresme\/wp-content\/uploads\/usu1140\/2020\/06\/Captura-de-pantalla-2020-06-02-a-las-5.56.48.png\" alt=\"\" width=\"800\" height=\"436\" srcset=\"https:\/\/serveiseducatius.xtec.cat\/altmaresme\/wp-content\/uploads\/usu1140\/2020\/06\/Captura-de-pantalla-2020-06-02-a-las-5.56.48.png 800w, https:\/\/serveiseducatius.xtec.cat\/altmaresme\/wp-content\/uploads\/usu1140\/2020\/06\/Captura-de-pantalla-2020-06-02-a-las-5.56.48-300x164.png 300w, https:\/\/serveiseducatius.xtec.cat\/altmaresme\/wp-content\/uploads\/usu1140\/2020\/06\/Captura-de-pantalla-2020-06-02-a-las-5.56.48-768x419.png 768w\" sizes=\"auto, (max-width: 800px) 100vw, 800px\" \/><\/td>\n<td style=\"width: 362.727px;\"><span class=\"css-901oao css-16my406 r-1qd0xha r-ad9z0x r-bcqeeo r-qvutc0\">Vols fer el curs vinent Programes de Formaci\u00f3 i Inserci\u00f3 <span class=\"r-18u37iz\"><a class=\"css-4rbku5 css-18t94o4 css-901oao css-16my406 r-1n1174f r-1loqt21 r-1qd0xha r-ad9z0x r-bcqeeo r-qvutc0\" dir=\"ltr\" role=\"link\" href=\"https:\/\/twitter.com\/hashtag\/PFI?src=hashtag_click\" data-focusable=\"true\">#PFI<\/a><\/span> i tens dubtes?<\/span><\/p>\n<p><span class=\"css-901oao css-16my406 r-1qd0xha r-ad9z0x r-bcqeeo r-qvutc0\">En aquest v\u00eddeo d&#8217;<\/span><span class=\"r-18u37iz\"><a class=\"css-4rbku5 css-18t94o4 css-901oao css-16my406 r-1n1174f r-1loqt21 r-1qd0xha r-ad9z0x r-bcqeeo r-qvutc0\" dir=\"ltr\" role=\"link\" href=\"https:\/\/twitter.com\/hashtag\/Orientaci%C3%B3Educativa?src=hashtag_click\" data-focusable=\"true\">#Orientaci\u00f3Educativa<\/a><\/span><span class=\"css-901oao css-16my406 r-1qd0xha r-ad9z0x r-bcqeeo r-qvutc0\"> t&#8217;expliquem tot el que has de tenir en compte.<\/span><\/p>\n<p><span class=\"css-901oao css-16my406 r-1qd0xha r-ad9z0x r-bcqeeo r-qvutc0\">La <\/span><span class=\"r-18u37iz\"><a class=\"css-4rbku5 css-18t94o4 css-901oao css-16my406 r-1n1174f r-1loqt21 r-1qd0xha r-ad9z0x r-bcqeeo r-qvutc0\" dir=\"ltr\" role=\"link\" href=\"https:\/\/twitter.com\/hashtag\/preinscripci%C3%B3?src=hashtag_click\" data-focusable=\"true\">#preinscripci\u00f3<\/a><\/span><span class=\"css-901oao css-16my406 r-1qd0xha r-ad9z0x r-bcqeeo r-qvutc0\"> es pot fer fins al 5 de juny.<\/span><\/p>\n<p><a class=\"css-4rbku5 css-18t94o4 css-901oao css-16my406 r-1n1174f r-1loqt21 r-1qd0xha r-ad9z0x r-bcqeeo r-qvutc0\" dir=\"ltr\" role=\"link\" href=\"https:\/\/t.co\/lz1o22nnFi?amp=1\" target=\"_blank\" rel=\"noopener noreferrer\" data-focusable=\"true\"><span class=\"css-901oao css-16my406 r-1qd0xha r-hiw28u r-ad9z0x r-bcqeeo r-qvutc0\" aria-hidden=\"true\">https:\/\/<\/span>gen.cat\/2XwmBIi<\/a><\/td>\n<\/tr>\n<tr>\n<td style=\"width: 362.727px;\"><img loading=\"lazy\" decoding=\"async\" class=\"aligncenter size-full wp-image-12924\" src=\"https:\/\/serveiseducatius.xtec.cat\/altmaresme\/wp-content\/uploads\/usu1140\/2020\/06\/Captura-de-pantalla-2020-06-02-a-las-5.59.26.png\" alt=\"\" width=\"168\" height=\"166\" \/><\/td>\n<td style=\"width: 362.727px;\"><span class=\"css-901oao css-16my406 r-1qd0xha r-ad9z0x r-bcqeeo r-qvutc0\">En aquest apartat, trobar\u00e0s un <a href=\"http:\/\/queestudiar.gencat.cat\/ca\/orientacio\/joves\/conec-interessos\/questionari-autoconeixement\/\">q\u00fcestionari<\/a> que avaluar\u00e0 la teva personalitat, interessos i capacitats amb relaci\u00f3 als entorns professionals. Hi pots consultar tamb\u00e9 la informaci\u00f3 de suport espec\u00edfica per als alumnes, fam\u00edlies i professors.<\/span><\/td>\n<\/tr>\n<\/tbody>\n<\/table>\n<p>&nbsp;<\/p>\n","protected":false},"excerpt":{"rendered":"<p>El Departament d&#8217;Educaci\u00f3 impulsa &#8220;Al teu costat en la tria educativa&#8221;, un projecte d&#8217;informaci\u00f3 i orientaci\u00f3 acad\u00e8mica virtual que vol ajudar l&#8217;alumnat i les seves fam\u00edlies en la tria dels ensenyaments postobligatoris i de l&#8217;itinerari educatiu.<\/p>\n<p>Preinscripci\u00f3 d&#8217;ensenyaments postobligatoris. Avan\u00e7ament de calendaris de presentaci\u00f3 de sol\u00b7licituds&hellip;  <a href=\"https:\/\/serveiseducatius.xtec.cat\/altmaresme\/general\/al-teu-costat-en-la-tria-educativa-informacio-i-orientacio-academica-virtual\/\" title=\"Read Al teu costat en la tria educativa. Informaci\u00f3 i orientaci\u00f3 acad\u00e8mica virtual.\">Llegeix m\u00e9s\u00bb<\/a><\/p>\n","protected":false},"author":1,"featured_media":12919,"comment_status":"open","ping_status":"closed","sticky":false,"template":"","format":"standard","meta":{"_bbp_topic_count":0,"_bbp_reply_count":0,"_bbp_total_topic_count":0,"_bbp_total_reply_count":0,"_bbp_voice_count":0,"_bbp_anonymous_reply_count":0,"_bbp_topic_count_hidden":0,"_bbp_reply_count_hidden":0,"_bbp_forum_subforum_count":0,"footnotes":""},"categories":[1,666,29],"tags":[],"class_list":["post-12917","post","type-post","status-publish","format-standard","has-post-thumbnail","hentry","category-general","category-orientacio","category-portada"],"post_mailing_queue_ids":[],"_links":{"self":[{"href":"https:\/\/serveiseducatius.xtec.cat\/altmaresme\/wp-json\/wp\/v2\/posts\/12917","targetHints":{"allow":["GET"]}}],"collection":[{"href":"https:\/\/serveiseducatius.xtec.cat\/altmaresme\/wp-json\/wp\/v2\/posts"}],"about":[{"href":"https:\/\/serveiseducatius.xtec.cat\/altmaresme\/wp-json\/wp\/v2\/types\/post"}],"author":[{"embeddable":true,"href":"https:\/\/serveiseducatius.xtec.cat\/altmaresme\/wp-json\/wp\/v2\/users\/1"}],"replies":[{"embeddable":true,"href":"https:\/\/serveiseducatius.xtec.cat\/altmaresme\/wp-json\/wp\/v2\/comments?post=12917"}],"version-history":[{"count":2,"href":"https:\/\/serveiseducatius.xtec.cat\/altmaresme\/wp-json\/wp\/v2\/posts\/12917\/revisions"}],"predecessor-version":[{"id":12926,"href":"https:\/\/serveiseducatius.xtec.cat\/altmaresme\/wp-json\/wp\/v2\/posts\/12917\/revisions\/12926"}],"wp:featuredmedia":[{"embeddable":true,"href":"https:\/\/serveiseducatius.xtec.cat\/altmaresme\/wp-json\/wp\/v2\/media\/12919"}],"wp:attachment":[{"href":"https:\/\/serveiseducatius.xtec.cat\/altmaresme\/wp-json\/wp\/v2\/media?parent=12917"}],"wp:term":[{"taxonomy":"category","embeddable":true,"href":"https:\/\/serveiseducatius.xtec.cat\/altmaresme\/wp-json\/wp\/v2\/categories?post=12917"},{"taxonomy":"post_tag","embeddable":true,"href":"https:\/\/serveiseducatius.xtec.cat\/altmaresme\/wp-json\/wp\/v2\/tags?post=12917"}],"curies":[{"name":"wp","href":"https:\/\/api.w.org\/{rel}","templated":true}]}}