{"id":12895,"date":"2020-05-29T08:22:19","date_gmt":"2020-05-29T06:22:19","guid":{"rendered":"http:\/\/serveiseducatius.xtec.cat\/altmaresme\/?p=12895"},"modified":"2020-06-08T13:51:32","modified_gmt":"2020-06-08T11:51:32","slug":"webinars-efectes-del-confinament-en-laprenentatge-dels-infants","status":"publish","type":"post","link":"https:\/\/serveiseducatius.xtec.cat\/altmaresme\/general\/webinars-efectes-del-confinament-en-laprenentatge-dels-infants\/","title":{"rendered":"Webinars: El cervell adolescent durant el confinament. Reptes i oportunitats \/ Efectes del confinament en l&#8217;aprenentatge dels infants."},"content":{"rendered":"<p><img loading=\"lazy\" decoding=\"async\" class=\"aligncenter wp-image-12898 alignleft\" src=\"https:\/\/serveiseducatius.xtec.cat\/altmaresme\/wp-content\/uploads\/usu1140\/2020\/05\/Captura-de-pantalla-2020-05-29-a-las-8.17.09-1024x511.png\" alt=\"\" width=\"357\" height=\"178\" srcset=\"https:\/\/serveiseducatius.xtec.cat\/altmaresme\/wp-content\/uploads\/usu1140\/2020\/05\/Captura-de-pantalla-2020-05-29-a-las-8.17.09-1024x511.png 1024w, https:\/\/serveiseducatius.xtec.cat\/altmaresme\/wp-content\/uploads\/usu1140\/2020\/05\/Captura-de-pantalla-2020-05-29-a-las-8.17.09-300x150.png 300w, https:\/\/serveiseducatius.xtec.cat\/altmaresme\/wp-content\/uploads\/usu1140\/2020\/05\/Captura-de-pantalla-2020-05-29-a-las-8.17.09-768x383.png 768w, https:\/\/serveiseducatius.xtec.cat\/altmaresme\/wp-content\/uploads\/usu1140\/2020\/05\/Captura-de-pantalla-2020-05-29-a-las-8.17.09.png 1274w\" sizes=\"auto, (max-width: 357px) 100vw, 357px\" \/>Durant el webinar es reflexionar\u00e0 sobre els efectes de la situaci\u00f3 que vivim en els processos d&#8217;aprenentatge i en el funcionament del cervell dels adolescents i sobre qu\u00e8 podem fer per facilitar-ne la seva adaptaci\u00f3.<\/p>\n<p>Ponent: Dra. Marta Portero<\/p>\n<p><a href=\"https:\/\/app.livestorm.co\/comercial-grupo-anaya-s-a-2\/el-cervell-adolescent-durant-el-confinament-riscos-i-oportunitats\">Inscripci\u00f3 a la webinar <\/a>Recomanada per secund\u00e0ria<\/p>\n<p>&nbsp;<\/p>\n<p><img loading=\"lazy\" decoding=\"async\" class=\"aligncenter wp-image-12896 alignleft\" src=\"https:\/\/serveiseducatius.xtec.cat\/altmaresme\/wp-content\/uploads\/usu1140\/2020\/05\/Captura-de-pantalla-2020-05-29-a-las-8.06.28-1024x552.png\" alt=\"\" width=\"353\" height=\"190\" srcset=\"https:\/\/serveiseducatius.xtec.cat\/altmaresme\/wp-content\/uploads\/usu1140\/2020\/05\/Captura-de-pantalla-2020-05-29-a-las-8.06.28-1024x552.png 1024w, https:\/\/serveiseducatius.xtec.cat\/altmaresme\/wp-content\/uploads\/usu1140\/2020\/05\/Captura-de-pantalla-2020-05-29-a-las-8.06.28-300x162.png 300w, https:\/\/serveiseducatius.xtec.cat\/altmaresme\/wp-content\/uploads\/usu1140\/2020\/05\/Captura-de-pantalla-2020-05-29-a-las-8.06.28-768x414.png 768w, https:\/\/serveiseducatius.xtec.cat\/altmaresme\/wp-content\/uploads\/usu1140\/2020\/05\/Captura-de-pantalla-2020-05-29-a-las-8.06.28.png 1370w\" sizes=\"auto, (max-width: 353px) 100vw, 353px\" \/>Durant el webinar reflexionarem sobre els efectes de la situaci\u00f3 que estem vivint en els processos d&#8217;aprenentatge i en el funcionament del cervell dels infants, i sobre qu\u00e8 podem fer per facilitar-ne la seva adaptaci\u00f3.<\/p>\n<p>Ponent: Dra. Marta Portero<\/p>\n<p><strong>ANUL\u00b7LADA<\/strong>\u00a0<a href=\"https:\/\/app.livestorm.co\/comercial-grupo-anaya-s-a-2\/efectes-del-confinament-en-laprenentatge-dels-infants\">Inscripci\u00f3 a la webinar\u00a0<\/a>Recomanada per prim\u00e0ria<\/p>\n<p>&nbsp;<\/p>\n","protected":false},"excerpt":{"rendered":"<p>Durant el webinar es reflexionar\u00e0 sobre els efectes de la situaci\u00f3 que vivim en els processos d&#8217;aprenentatge i en el funcionament del cervell dels adolescents i sobre qu\u00e8 podem fer per facilitar-ne la seva adaptaci\u00f3.<br \/>\nPonent: Dra. Marta Portero<br \/>\n<a href=\"https:\/\/app.livestorm.co\/comercial-grupo-anaya-s-a-2\/el-cervell-adolescent-durant-el-confinament-riscos-i-oportunitats\">Inscripci\u00f3 a la webinar <\/a>Recomanada per secund\u00e0ria<br \/>\n&nbsp;<br \/>\nDurant&hellip;  <a href=\"https:\/\/serveiseducatius.xtec.cat\/altmaresme\/general\/webinars-efectes-del-confinament-en-laprenentatge-dels-infants\/\" title=\"Read Webinars: El cervell adolescent durant el confinament. Reptes i oportunitats \/ Efectes del confinament en l&#8217;aprenentatge dels infants.\">Llegeix m\u00e9s\u00bb<\/a><\/p>\n","protected":false},"author":1,"featured_media":12899,"comment_status":"open","ping_status":"closed","sticky":false,"template":"","format":"standard","meta":{"_bbp_topic_count":0,"_bbp_reply_count":0,"_bbp_total_topic_count":0,"_bbp_total_reply_count":0,"_bbp_voice_count":0,"_bbp_anonymous_reply_count":0,"_bbp_topic_count_hidden":0,"_bbp_reply_count_hidden":0,"_bbp_forum_subforum_count":0,"footnotes":""},"categories":[1,29],"tags":[],"class_list":["post-12895","post","type-post","status-publish","format-standard","has-post-thumbnail","hentry","category-general","category-portada"],"post_mailing_queue_ids":[],"_links":{"self":[{"href":"https:\/\/serveiseducatius.xtec.cat\/altmaresme\/wp-json\/wp\/v2\/posts\/12895","targetHints":{"allow":["GET"]}}],"collection":[{"href":"https:\/\/serveiseducatius.xtec.cat\/altmaresme\/wp-json\/wp\/v2\/posts"}],"about":[{"href":"https:\/\/serveiseducatius.xtec.cat\/altmaresme\/wp-json\/wp\/v2\/types\/post"}],"author":[{"embeddable":true,"href":"https:\/\/serveiseducatius.xtec.cat\/altmaresme\/wp-json\/wp\/v2\/users\/1"}],"replies":[{"embeddable":true,"href":"https:\/\/serveiseducatius.xtec.cat\/altmaresme\/wp-json\/wp\/v2\/comments?post=12895"}],"version-history":[{"count":3,"href":"https:\/\/serveiseducatius.xtec.cat\/altmaresme\/wp-json\/wp\/v2\/posts\/12895\/revisions"}],"predecessor-version":[{"id":12956,"href":"https:\/\/serveiseducatius.xtec.cat\/altmaresme\/wp-json\/wp\/v2\/posts\/12895\/revisions\/12956"}],"wp:featuredmedia":[{"embeddable":true,"href":"https:\/\/serveiseducatius.xtec.cat\/altmaresme\/wp-json\/wp\/v2\/media\/12899"}],"wp:attachment":[{"href":"https:\/\/serveiseducatius.xtec.cat\/altmaresme\/wp-json\/wp\/v2\/media?parent=12895"}],"wp:term":[{"taxonomy":"category","embeddable":true,"href":"https:\/\/serveiseducatius.xtec.cat\/altmaresme\/wp-json\/wp\/v2\/categories?post=12895"},{"taxonomy":"post_tag","embeddable":true,"href":"https:\/\/serveiseducatius.xtec.cat\/altmaresme\/wp-json\/wp\/v2\/tags?post=12895"}],"curies":[{"name":"wp","href":"https:\/\/api.w.org\/{rel}","templated":true}]}}