{"id":12887,"date":"2020-05-26T21:57:43","date_gmt":"2020-05-26T19:57:43","guid":{"rendered":"http:\/\/serveiseducatius.xtec.cat\/altmaresme\/?p=12887"},"modified":"2020-05-26T21:57:43","modified_gmt":"2020-05-26T19:57:43","slug":"provisio-de-llocs-de-treball-docents-als-serveis-educatius-mvo","status":"publish","type":"post","link":"https:\/\/serveiseducatius.xtec.cat\/altmaresme\/general\/provisio-de-llocs-de-treball-docents-als-serveis-educatius-mvo\/","title":{"rendered":"Provisi\u00f3 de llocs de treball docents als Serveis Educatius MVO"},"content":{"rendered":"<h4><img loading=\"lazy\" decoding=\"async\" class=\"aligncenter size-full wp-image-12888\" src=\"https:\/\/serveiseducatius.xtec.cat\/altmaresme\/wp-content\/uploads\/usu1140\/2020\/05\/Captura-de-pantalla-2020-05-26-a-las-21.52.39.png\" alt=\"\" width=\"330\" height=\"112\" srcset=\"https:\/\/serveiseducatius.xtec.cat\/altmaresme\/wp-content\/uploads\/usu1140\/2020\/05\/Captura-de-pantalla-2020-05-26-a-las-21.52.39.png 330w, https:\/\/serveiseducatius.xtec.cat\/altmaresme\/wp-content\/uploads\/usu1140\/2020\/05\/Captura-de-pantalla-2020-05-26-a-las-21.52.39-300x102.png 300w\" sizes=\"auto, (max-width: 330px) 100vw, 330px\" \/><\/h4>\n<h4><strong>Serveis Educatius de zona: diferents perfils, CRP, EAP, LIC<\/strong><\/h4>\n<p>Centres de Recursos Pedag\u00f2gics (<strong>CRP<\/strong>): 4<br \/>\nEquips d\u2019Assessorament i Orientaci\u00f3 Psicopedag\u00f2gic (<strong>EAP<\/strong>) : 4<br \/>\n<strong>CREDA<\/strong>: 2 Psicopedagog\/a i 7 docents del cos de prim\u00e0ria amb titulaci\u00f3 de Logop\u00e8dia o altre reconeixement oficial d\u2019especialitat en audici\u00f3 i llenguatge<\/p>\n<p><strong>Requisits<\/strong>: S\u2019especifiquen en cadascun dels perfils:\u00a0<a href=\"http:\/\/ensenyament.gencat.cat\/ca\/departament\/serveis-territorials\/maresme-valles-oriental\/centres-serveis-educatius\/#bloc5\" target=\"_blank\" rel=\"noopener noreferrer\">http:\/\/ensenyament.gencat.cat\/ca\/departament\/serveis-territorials\/maresme-valles-oriental\/centres-serveis-educatius\/#bloc5<\/a><br \/>\nEn tots els casos:<br \/>\nTenir 2 anys d\u2019experi\u00e8ncia docent amb car\u00e0cter general. Les persones interessades han de fer arribar una carta de motivaci\u00f3, el curr\u00edculum i el desenvolupament del sup\u00f2sit pr\u00e0ctic a : Serveis Educatius i Formaci\u00f3 Permanent &lt;serveis_edu_mvo.educacio@gencat.cat&gt;\u00a0<strong>fins el dia 29 de maig.<\/strong>\u00a0A l\u2019assumpte del correu cal indicar el servei educatiu al que s\u2019opta: CRP, EAP, CREDA. &lt;\/serveis_edu_mvo.educacio@gencat.cat&gt;<\/p>\n","protected":false},"excerpt":{"rendered":"<p>Serveis Educatius de zona: diferents perfils, CRP, EAP, LIC<br \/>\nCentres de Recursos Pedag\u00f2gics (CRP): 4<br \/>\nEquips d\u2019Assessorament i Orientaci\u00f3 Psicopedag\u00f2gic (EAP) : 4<br \/>\nCREDA: 2 Psicopedagog\/a i 7 docents del cos de prim\u00e0ria amb titulaci\u00f3 de Logop\u00e8dia o altre reconeixement oficial d\u2019especialitat en audici\u00f3 i llenguatge<br \/>\nRequisits: S\u2019especifiquen en&hellip;  <a href=\"https:\/\/serveiseducatius.xtec.cat\/altmaresme\/general\/provisio-de-llocs-de-treball-docents-als-serveis-educatius-mvo\/\" title=\"Read Provisi\u00f3 de llocs de treball docents als Serveis Educatius MVO\">Llegeix m\u00e9s\u00bb<\/a><\/p>\n","protected":false},"author":1,"featured_media":12888,"comment_status":"open","ping_status":"closed","sticky":false,"template":"","format":"standard","meta":{"_bbp_topic_count":0,"_bbp_reply_count":0,"_bbp_total_topic_count":0,"_bbp_total_reply_count":0,"_bbp_voice_count":0,"_bbp_anonymous_reply_count":0,"_bbp_topic_count_hidden":0,"_bbp_reply_count_hidden":0,"_bbp_forum_subforum_count":0,"footnotes":""},"categories":[1,29],"tags":[],"class_list":["post-12887","post","type-post","status-publish","format-standard","has-post-thumbnail","hentry","category-general","category-portada"],"post_mailing_queue_ids":[],"_links":{"self":[{"href":"https:\/\/serveiseducatius.xtec.cat\/altmaresme\/wp-json\/wp\/v2\/posts\/12887","targetHints":{"allow":["GET"]}}],"collection":[{"href":"https:\/\/serveiseducatius.xtec.cat\/altmaresme\/wp-json\/wp\/v2\/posts"}],"about":[{"href":"https:\/\/serveiseducatius.xtec.cat\/altmaresme\/wp-json\/wp\/v2\/types\/post"}],"author":[{"embeddable":true,"href":"https:\/\/serveiseducatius.xtec.cat\/altmaresme\/wp-json\/wp\/v2\/users\/1"}],"replies":[{"embeddable":true,"href":"https:\/\/serveiseducatius.xtec.cat\/altmaresme\/wp-json\/wp\/v2\/comments?post=12887"}],"version-history":[{"count":1,"href":"https:\/\/serveiseducatius.xtec.cat\/altmaresme\/wp-json\/wp\/v2\/posts\/12887\/revisions"}],"predecessor-version":[{"id":12889,"href":"https:\/\/serveiseducatius.xtec.cat\/altmaresme\/wp-json\/wp\/v2\/posts\/12887\/revisions\/12889"}],"wp:featuredmedia":[{"embeddable":true,"href":"https:\/\/serveiseducatius.xtec.cat\/altmaresme\/wp-json\/wp\/v2\/media\/12888"}],"wp:attachment":[{"href":"https:\/\/serveiseducatius.xtec.cat\/altmaresme\/wp-json\/wp\/v2\/media?parent=12887"}],"wp:term":[{"taxonomy":"category","embeddable":true,"href":"https:\/\/serveiseducatius.xtec.cat\/altmaresme\/wp-json\/wp\/v2\/categories?post=12887"},{"taxonomy":"post_tag","embeddable":true,"href":"https:\/\/serveiseducatius.xtec.cat\/altmaresme\/wp-json\/wp\/v2\/tags?post=12887"}],"curies":[{"name":"wp","href":"https:\/\/api.w.org\/{rel}","templated":true}]}}