{"id":12872,"date":"2020-05-26T09:57:37","date_gmt":"2020-05-26T07:57:37","guid":{"rendered":"http:\/\/serveiseducatius.xtec.cat\/altmaresme\/?p=12872"},"modified":"2020-05-26T09:57:37","modified_gmt":"2020-05-26T07:57:37","slug":"agafaelguant-infants-i-joves-lliures-de-violencies-masclistes","status":"publish","type":"post","link":"https:\/\/serveiseducatius.xtec.cat\/altmaresme\/general\/agafaelguant-infants-i-joves-lliures-de-violencies-masclistes\/","title":{"rendered":"#AgafaelGuant: infants i joves lliures de viol\u00e8ncies masclistes"},"content":{"rendered":"<p align=\"JUSTIFY\"><span style=\"font-family: Times New Roman, serif;\"><span style=\"font-size: medium;\"><span style=\"color: #212121;\"><span style=\"font-family: Arial, sans-serif;\"><span lang=\"ca-ES\"><img loading=\"lazy\" decoding=\"async\" class=\"aligncenter  wp-image-12873 alignleft\" src=\"https:\/\/serveiseducatius.xtec.cat\/altmaresme\/wp-content\/uploads\/usu1140\/2020\/05\/Captura-de-pantalla-2020-05-26-a-las-9.46.33-1024x513.png\" alt=\"\" width=\"359\" height=\"180\" srcset=\"https:\/\/serveiseducatius.xtec.cat\/altmaresme\/wp-content\/uploads\/usu1140\/2020\/05\/Captura-de-pantalla-2020-05-26-a-las-9.46.33-1024x513.png 1024w, https:\/\/serveiseducatius.xtec.cat\/altmaresme\/wp-content\/uploads\/usu1140\/2020\/05\/Captura-de-pantalla-2020-05-26-a-las-9.46.33-300x150.png 300w, https:\/\/serveiseducatius.xtec.cat\/altmaresme\/wp-content\/uploads\/usu1140\/2020\/05\/Captura-de-pantalla-2020-05-26-a-las-9.46.33-768x385.png 768w, https:\/\/serveiseducatius.xtec.cat\/altmaresme\/wp-content\/uploads\/usu1140\/2020\/05\/Captura-de-pantalla-2020-05-26-a-las-9.46.33.png 1250w\" sizes=\"auto, (max-width: 359px) 100vw, 359px\" \/><\/span><\/span><\/span><\/span><\/span><\/p>\n<p align=\"JUSTIFY\"><span style=\"font-family: Times New Roman, serif;\"><span style=\"font-size: medium;\"><span style=\"color: #212121;\"><span style=\"font-family: Arial, sans-serif;\"><span lang=\"ca-ES\">Des de l\u2019Institut Catal\u00e0 de les Dones hem posat en marxa la campanya de sensiblitzaci\u00f3 <\/span><\/span><\/span><u><\/u><a href=\"http:\/\/dones.gencat.cat\/ca\/ambits\/violencia_masclista\/AgafaElGuant\/\" target=\"_blank\" rel=\"noopener noreferrer\" data-saferedirecturl=\"https:\/\/www.google.com\/url?q=http:\/\/dones.gencat.cat\/ca\/ambits\/violencia_masclista\/AgafaElGuant\/&amp;source=gmail&amp;ust=1590487431127000&amp;usg=AFQjCNEQmikQukBHuqv_Pp3-3lFTp8eo7Q\"><span style=\"color: #0000ff;\"><u><span style=\"font-family: Arial, sans-serif;\"><span lang=\"ca-ES\">#AgafaElGuant Infants i joves lliures de viol\u00e8ncies masclistes<\/span><\/span><\/u><\/span><span style=\"color: #212121;\"><span style=\"font-family: Arial, sans-serif;\"><span lang=\"ca-ES\">\u00a0<\/span><\/span><\/span><\/a><span style=\"color: #212121;\"><span style=\"font-family: Arial, sans-serif;\"><span lang=\"ca-ES\">per fer front a les viol\u00e8ncies masclistes en el marc de la crisi de la Covid19.\u00a0<\/span><\/span><\/span><\/span><\/span><\/p>\n<p align=\"JUSTIFY\"><span style=\"font-family: Times New Roman, serif;\"><span style=\"font-size: medium;\"><span style=\"color: #212121;\"><span style=\"font-family: Arial, sans-serif;\"><span lang=\"ca-ES\">Ens preocupa que la\u00a0<\/span><\/span><\/span><span style=\"color: #212121;\"><span style=\"font-family: Arial, sans-serif;\"><span lang=\"ca-ES\">conviv\u00e8ncia for\u00e7ada amb agressors<\/span><\/span><\/span><span style=\"color: #212121;\"><span style=\"font-family: Arial, sans-serif;\"><span lang=\"ca-ES\">, una connectivitat m\u00e9s intensa a internet i els canvis en l\u2019\u00fas de l\u2019espai p\u00fablic puguin fer incrementar i agreujar\u00a0<\/span><\/span><\/span><span style=\"color: #212121;\"><span style=\"font-family: Arial, sans-serif;\"><span lang=\"ca-ES\">les situacions de viol\u00e8ncies masclistes que pateix la poblaci\u00f3 m\u00e9s jove.<\/span><\/span><\/span><\/span><\/span><\/p>\n<p align=\"JUSTIFY\"><span lang=\"ca-ES\">Podreu trobar m\u00e9s informaci\u00f3 a\u00a0<a href=\"http:\/\/dones.gencat.cat\/ca\/ambits\/violencia_masclista\/AgafaElGuant\/\" target=\"_blank\" rel=\"noopener noreferrer\" data-saferedirecturl=\"https:\/\/www.google.com\/url?q=http:\/\/dones.gencat.cat\/ca\/ambits\/violencia_masclista\/AgafaElGuant\/&amp;source=gmail&amp;ust=1590497399113000&amp;usg=AFQjCNEPuVBCgCjX6iDuLA1RzLHoZySFFw\">l\u2019espai web<\/a>\u00a0de la campanya.\u00a0<\/span>Tamb\u00e9 posem a l\u2019abast recursos audiovisuals per a joves a\u00a0<a href=\"http:\/\/dones.gencat.cat\/agafaelguant\" target=\"_blank\" rel=\"noopener noreferrer\" data-saferedirecturl=\"https:\/\/www.google.com\/url?q=http:\/\/dones.gencat.cat\/agafaelguant&amp;source=gmail&amp;ust=1590497399113000&amp;usg=AFQjCNFH4R6eZ6Yj8_Kns5Q6AIbQbLk_oQ\">dones.gencat.cat\/<wbr \/>agafaelguant<\/a>\u00a0.<\/p>\n<p align=\"JUSTIFY\"><strong>A m\u00e9s a m\u00e9s proposem un\u00a0<i>challenge<\/i>\u00a0<span lang=\"ca-ES\">com a mostra de sororitat i suport col\u00b7lectiu: agafar un guant dels que estem utilitzant per fer front a la pand\u00e8mia i fer-se una fotografia\/v\u00eddeo emulant l\u2019apoderament de la Rosie the Riveter.<\/span><\/strong><\/p>\n<p align=\"JUSTIFY\"><span lang=\"ca-ES\">Estem segures que en el vostre \u00e0mbit d\u2019influ\u00e8ncia podreu fer arribar els missatges als i les joves que poden estar vivint aquestes situacions de viol\u00e8ncies masclistes:<\/span><\/p>\n<ul>\n<li>\n<p align=\"JUSTIFY\"><span lang=\"ca-ES\">Infants i joves<\/span><span lang=\"ca-ES\">\u00a0que presencien<\/span><span lang=\"ca-ES\">\u00a0situacions de viol\u00e8ncia<\/span><span lang=\"ca-ES\">\u00a0cap a les seves mares o que pateixen viol\u00e8ncia sexual per part d\u2019alg\u00fa del seu entorn i del qual no poden a\u00efllar-se.<\/span><\/p>\n<\/li>\n<li>\n<p align=\"JUSTIFY\"><span lang=\"ca-ES\">Noies joves<\/span><span lang=\"ca-ES\">\u00a0que es troben en\u00a0<\/span><span lang=\"ca-ES\">situaci\u00f3 de viol\u00e8ncia f\u00edsica, psicol\u00f2gica i\/o sexual<\/span><span lang=\"ca-ES\">\u00a0dins les pr\u00f2pies llars, centres residencials o d\u2019acollida, on la persona agressora \u00e9s la parella, algun membre de la fam\u00edlia, tutor, personal responsable de la seva cura, companys de pis o del centre residencial, o incl\u00fas persones del propi ve\u00efnat.<\/span><\/p>\n<\/li>\n<li>\n<p align=\"JUSTIFY\"><span lang=\"ca-ES\">Noies joves que pateixen viol\u00e8ncies en l\u2019espai p\u00fablic en forma d\u2019intimidaci\u00f3, assetjament, o agressions sexuals per persones de l\u2019entorn comunitari.<\/span><\/p>\n<\/li>\n<li>\n<p align=\"JUSTIFY\"><span lang=\"ca-ES\">Adolescents i joves LGTBIQ+<\/span><span lang=\"ca-ES\">\u00a0que estan patint\u00a0<\/span><span lang=\"ca-ES\">viol\u00e8ncia per part de familiars i entorn<\/span><span lang=\"ca-ES\">\u00a0proper que no accepten la seva identitat de g\u00e8nere o prefer\u00e8ncia sexual i que conviuen amb el rebuig, el menyspreu i la incomprensi\u00f3.<\/span><\/p>\n<\/li>\n<\/ul>\n<div class=\"gmail_default\">\n<div>\n<div id=\"m_5674573289682448175gmail-m_643702462967102314m_3433269265600640467m_4388613090843183316x_divtagdefaultwrapper\" dir=\"ltr\">\n<div id=\"m_5674573289682448175gmail-m_643702462967102314m_3433269265600640467m_4388613090843183316x_divtagdefaultwrapper\" dir=\"ltr\">\n<p align=\"JUSTIFY\"><span style=\"font-family: Times New Roman, serif;\"><span style=\"font-size: medium;\"><span style=\"color: #212121;\"><span style=\"font-family: Arial, sans-serif;\"><span lang=\"ca-ES\">Per a qualsevol q\u00fcesti\u00f3 que pugui sorgir sobre aquesta proposta que us fem estem a la vostra disposici\u00f3 a trav\u00e9s de la nostra \u00c0rea de Comunicaci\u00f3 a\u00a0<\/span><\/span><\/span><span style=\"color: #0000ff;\"><u><a href=\"mailto:icd.comunicacio@gencat.cat\" target=\"_blank\" rel=\"noopener noreferrer\"><span style=\"font-family: Arial, sans-serif;\"><span lang=\"ca-ES\">icd.comunicacio@gencat.cat<\/span><\/span><\/a><\/u><\/span><span style=\"color: #212121;\"><span style=\"font-family: Arial, sans-serif;\"><span lang=\"ca-ES\">\u00a0<wbr \/>que hi col\u00b7laborar\u00e0 en all\u00f2 que calgui.<br \/>\n<\/span><\/span><\/span><\/span><\/span><\/p>\n<\/div>\n<\/div>\n<\/div>\n<\/div>\n<p>Trobareu m\u00e9s informaci\u00f3\u00a0<a href=\"http:\/\/dones.gencat.cat\/ca\/ambits\/violencia_masclista\/AgafaElGuant\/\">http:\/\/dones.gencat.cat\/ca\/ambits\/violencia_masclista\/AgafaElGuant\/<\/a><\/p>\n","protected":false},"excerpt":{"rendered":"<p>Des de l\u2019Institut Catal\u00e0 de les Dones hem posat en marxa la campanya de sensiblitzaci\u00f3 <a href=\"http:\/\/dones.gencat.cat\/ca\/ambits\/violencia_masclista\/AgafaElGuant\/\" target=\"_blank\" rel=\"noopener noreferrer\" data-saferedirecturl=\"https:\/\/www.google.com\/url?q=http:\/\/dones.gencat.cat\/ca\/ambits\/violencia_masclista\/AgafaElGuant\/&amp;source=gmail&amp;ust=1590487431127000&amp;usg=AFQjCNEQmikQukBHuqv_Pp3-3lFTp8eo7Q\">#AgafaElGuant Infants i joves lliures de viol\u00e8ncies masclistes\u00a0<\/a>per fer front a les viol\u00e8ncies masclistes en el marc de la crisi de la Covid19.\u00a0<br \/>\nEns preocupa que&hellip;  <a href=\"https:\/\/serveiseducatius.xtec.cat\/altmaresme\/general\/agafaelguant-infants-i-joves-lliures-de-violencies-masclistes\/\" title=\"Read #AgafaelGuant: infants i joves lliures de viol\u00e8ncies masclistes\">Llegeix m\u00e9s\u00bb<\/a><\/p>\n","protected":false},"author":1,"featured_media":12873,"comment_status":"open","ping_status":"closed","sticky":false,"template":"","format":"standard","meta":{"_bbp_topic_count":0,"_bbp_reply_count":0,"_bbp_total_topic_count":0,"_bbp_total_reply_count":0,"_bbp_voice_count":0,"_bbp_anonymous_reply_count":0,"_bbp_topic_count_hidden":0,"_bbp_reply_count_hidden":0,"_bbp_forum_subforum_count":0,"footnotes":""},"categories":[1,29],"tags":[],"class_list":["post-12872","post","type-post","status-publish","format-standard","has-post-thumbnail","hentry","category-general","category-portada"],"post_mailing_queue_ids":[],"_links":{"self":[{"href":"https:\/\/serveiseducatius.xtec.cat\/altmaresme\/wp-json\/wp\/v2\/posts\/12872","targetHints":{"allow":["GET"]}}],"collection":[{"href":"https:\/\/serveiseducatius.xtec.cat\/altmaresme\/wp-json\/wp\/v2\/posts"}],"about":[{"href":"https:\/\/serveiseducatius.xtec.cat\/altmaresme\/wp-json\/wp\/v2\/types\/post"}],"author":[{"embeddable":true,"href":"https:\/\/serveiseducatius.xtec.cat\/altmaresme\/wp-json\/wp\/v2\/users\/1"}],"replies":[{"embeddable":true,"href":"https:\/\/serveiseducatius.xtec.cat\/altmaresme\/wp-json\/wp\/v2\/comments?post=12872"}],"version-history":[{"count":1,"href":"https:\/\/serveiseducatius.xtec.cat\/altmaresme\/wp-json\/wp\/v2\/posts\/12872\/revisions"}],"predecessor-version":[{"id":12874,"href":"https:\/\/serveiseducatius.xtec.cat\/altmaresme\/wp-json\/wp\/v2\/posts\/12872\/revisions\/12874"}],"wp:featuredmedia":[{"embeddable":true,"href":"https:\/\/serveiseducatius.xtec.cat\/altmaresme\/wp-json\/wp\/v2\/media\/12873"}],"wp:attachment":[{"href":"https:\/\/serveiseducatius.xtec.cat\/altmaresme\/wp-json\/wp\/v2\/media?parent=12872"}],"wp:term":[{"taxonomy":"category","embeddable":true,"href":"https:\/\/serveiseducatius.xtec.cat\/altmaresme\/wp-json\/wp\/v2\/categories?post=12872"},{"taxonomy":"post_tag","embeddable":true,"href":"https:\/\/serveiseducatius.xtec.cat\/altmaresme\/wp-json\/wp\/v2\/tags?post=12872"}],"curies":[{"name":"wp","href":"https:\/\/api.w.org\/{rel}","templated":true}]}}