{"id":12863,"date":"2020-05-25T12:01:17","date_gmt":"2020-05-25T10:01:17","guid":{"rendered":"http:\/\/serveiseducatius.xtec.cat\/altmaresme\/?p=12863"},"modified":"2020-05-25T12:01:17","modified_gmt":"2020-05-25T10:01:17","slug":"instruccions-per-a-lorganitzacio-de-lobertura-dels-centres-educatius","status":"publish","type":"post","link":"https:\/\/serveiseducatius.xtec.cat\/altmaresme\/general\/instruccions-per-a-lorganitzacio-de-lobertura-dels-centres-educatius\/","title":{"rendered":"INSTRUCCIONS PER A L\u2019ORGANITZACI\u00d3 DE L\u2019OBERTURA DELS CENTRES EDUCATIUS"},"content":{"rendered":"<p>El Pla d\u2019Obertura de Centres Educatius en Fase 2 de desescalada, que \u00e9s la primera que permet l\u2019obertura de centres, incorpora les mesures que els documents espec\u00edfics emesos per les autoritats sanit\u00e0ries han establert, pel que fa adequaci\u00f3 d\u2019espais, mesures de distanciament i higiene i vulnerabilitat d\u2019alumnat i personal.<\/p>\n<p>El curs 2019-2020, a nivell lectiu, acabar\u00e0 en format telem\u00e0tic el 19 de juny.<\/p>\n<p>Cada centre haur\u00e0 d\u2019elaborar el seu pla d\u2019obertura\u00a0amb l\u2019acompanyament de la Inspecci\u00f3 educativa previ a l\u2019inici de les activitats presencials amb alumnes.\u00a0Aquest pla d\u2019obertura propi ha de tenir en compte els aspectes que es detallen en les\u00a0<a href=\"https:\/\/documents.espai.educacio.gencat.cat\/IPCNormativa\/DisposicionsInternes\/Inst-obertura-centres.pdf\">Instruccions per a l\u2019organitz\u200b\u200baci\u00f3 de l\u2019obertura dels centres educatius<\/a>.<\/p>\n","protected":false},"excerpt":{"rendered":"<p>El Pla d\u2019Obertura de Centres Educatius en Fase 2 de desescalada, que \u00e9s la primera que permet l\u2019obertura de centres, incorpora les mesures que els documents espec\u00edfics emesos per les autoritats sanit\u00e0ries han establert, pel que fa adequaci\u00f3 d\u2019espais, mesures de distanciament i higiene i&hellip;  <a href=\"https:\/\/serveiseducatius.xtec.cat\/altmaresme\/general\/instruccions-per-a-lorganitzacio-de-lobertura-dels-centres-educatius\/\" title=\"Read INSTRUCCIONS PER A L\u2019ORGANITZACI\u00d3 DE L\u2019OBERTURA DELS CENTRES EDUCATIUS\">Llegeix m\u00e9s\u00bb<\/a><\/p>\n","protected":false},"author":1,"featured_media":12864,"comment_status":"open","ping_status":"closed","sticky":false,"template":"","format":"standard","meta":{"_bbp_topic_count":0,"_bbp_reply_count":0,"_bbp_total_topic_count":0,"_bbp_total_reply_count":0,"_bbp_voice_count":0,"_bbp_anonymous_reply_count":0,"_bbp_topic_count_hidden":0,"_bbp_reply_count_hidden":0,"_bbp_forum_subforum_count":0,"footnotes":""},"categories":[1,29],"tags":[],"class_list":["post-12863","post","type-post","status-publish","format-standard","has-post-thumbnail","hentry","category-general","category-portada"],"post_mailing_queue_ids":[],"_links":{"self":[{"href":"https:\/\/serveiseducatius.xtec.cat\/altmaresme\/wp-json\/wp\/v2\/posts\/12863","targetHints":{"allow":["GET"]}}],"collection":[{"href":"https:\/\/serveiseducatius.xtec.cat\/altmaresme\/wp-json\/wp\/v2\/posts"}],"about":[{"href":"https:\/\/serveiseducatius.xtec.cat\/altmaresme\/wp-json\/wp\/v2\/types\/post"}],"author":[{"embeddable":true,"href":"https:\/\/serveiseducatius.xtec.cat\/altmaresme\/wp-json\/wp\/v2\/users\/1"}],"replies":[{"embeddable":true,"href":"https:\/\/serveiseducatius.xtec.cat\/altmaresme\/wp-json\/wp\/v2\/comments?post=12863"}],"version-history":[{"count":1,"href":"https:\/\/serveiseducatius.xtec.cat\/altmaresme\/wp-json\/wp\/v2\/posts\/12863\/revisions"}],"predecessor-version":[{"id":12865,"href":"https:\/\/serveiseducatius.xtec.cat\/altmaresme\/wp-json\/wp\/v2\/posts\/12863\/revisions\/12865"}],"wp:featuredmedia":[{"embeddable":true,"href":"https:\/\/serveiseducatius.xtec.cat\/altmaresme\/wp-json\/wp\/v2\/media\/12864"}],"wp:attachment":[{"href":"https:\/\/serveiseducatius.xtec.cat\/altmaresme\/wp-json\/wp\/v2\/media?parent=12863"}],"wp:term":[{"taxonomy":"category","embeddable":true,"href":"https:\/\/serveiseducatius.xtec.cat\/altmaresme\/wp-json\/wp\/v2\/categories?post=12863"},{"taxonomy":"post_tag","embeddable":true,"href":"https:\/\/serveiseducatius.xtec.cat\/altmaresme\/wp-json\/wp\/v2\/tags?post=12863"}],"curies":[{"name":"wp","href":"https:\/\/api.w.org\/{rel}","templated":true}]}}