{"id":12849,"date":"2020-05-25T11:37:05","date_gmt":"2020-05-25T09:37:05","guid":{"rendered":"http:\/\/serveiseducatius.xtec.cat\/altmaresme\/?p=12849"},"modified":"2020-05-25T11:37:05","modified_gmt":"2020-05-25T09:37:05","slug":"jornada-robotica-i-programacio-conferencia-inicial-i-experiencies-de-centres","status":"publish","type":"post","link":"https:\/\/serveiseducatius.xtec.cat\/altmaresme\/general\/jornada-robotica-i-programacio-conferencia-inicial-i-experiencies-de-centres\/","title":{"rendered":"Jornada rob\u00f2tica i programaci\u00f3. Confer\u00e8ncia inicial i experi\u00e8ncies de centres."},"content":{"rendered":"<table border=\"0\" cellspacing=\"0\" cellpadding=\"0\">\n<tbody>\n<tr>\n<td valign=\"TOP\">A160351A16<\/td>\n<td><b>Jornada Rob\u00f2tica al Vall\u00e8s Oriental 4<\/b><\/td>\n<\/tr>\n<\/tbody>\n<\/table>\n<p><strong>Dimarts, 26 de maig a les 17h<\/strong><\/p>\n<p><a href=\"https:\/\/www.educaciodema.cat\/qui-es-qui\/innovador\/eulalia-canet-nebot\" target=\"_blank\" rel=\"noopener noreferrer\"><strong>Eul\u00e0lia Canet,<\/strong><\/a>\u00a0ens parlar\u00e0 del desplegament del projecte digital de centre incloent la rob\u00f2tica i la programaci\u00f3.<\/p>\n<p><strong>INSCRIPCIONS<\/strong>:\u00a0<a href=\"https:\/\/aplicacions.gestioeducativa.gencat.cat\/pls\/soloas\/pk_for_mod_ins.p_for_pre_cons_activitats?p_any=2019-2020&amp;p_totes=S&amp;p_codi=A160351A16\" target=\"_blank\" rel=\"noopener noreferrer\">https:\/\/aplicacions.gestioeducativa.gencat.cat\/pls\/soloas\/pk_for_mod_ins.p_for_pre_cons_activitats?p_any=2019-2020&amp;p_totes=S&amp;p_codi=A160351A16<\/a><\/p>\n<div class=\"gmail_default\"><\/div>\n<p class=\"gmail_default\">I a continuaci\u00f3, per tal de donar a con\u00e8ixer les\u00a0<b>experi\u00e8ncies dels centres educatius de la zona<\/b>\u00a0i aprofitant la metodologia\u00a0<a href=\"https:\/\/edcamp.educaciodema.cat\/\" target=\"_blank\" rel=\"noopener noreferrer\" data-saferedirecturl=\"https:\/\/www.google.com\/url?q=https:\/\/edcamp.educaciodema.cat\/&amp;source=gmail&amp;ust=1590189175292000&amp;usg=AFQjCNH35j0_y6GvFHfO4E6OaTj-GcdnWg\">Edcamp<\/a>, organitzarem 5 espais on podreu escoltar l\u2019experi\u00e8ncia de centres de prim\u00e0ria i secund\u00e0ria. Seran intervencions de 15 minuts abans de fer el comiat a la sala principal.\u00a0<span id=\"m_-5328642597730600892gmail-docs-internal-guid-37272761-7fff-fec0-c9a2-b1768ded1b53\"><\/span><\/p>\n<p>Per m\u00e9s informaci\u00f3 clica aquest enlla\u00e7: <a href=\"https:\/\/serveiseducatius.xtec.cat\/vallesoriental4\/portada\/videoconferencia-amb-leulalia-canet\/\">https:\/\/serveiseducatius.xtec.cat\/vallesoriental4\/portada\/videoconferencia-amb-leulalia-canet\/<\/a><\/p>\n<p>&nbsp;<\/p>\n<div class=\"addtoany_share_save_container addtoany_content addtoany_content_bottom\">\n<div class=\"a2a_kit a2a_kit_size_25 addtoany_list\" data-a2a-url=\"https:\/\/serveiseducatius.xtec.cat\/vallesoriental4\/portada\/videoconferencia-amb-leulalia-canet\/\" data-a2a-title=\"Jornada rob\u00f2tica i programaci\u00f3. Confer\u00e8ncia inicial i experi\u00e8ncies de centres\"><\/div>\n<\/div>\n","protected":false},"excerpt":{"rendered":"<p>A160351A16<br \/>\nJornada Rob\u00f2tica al Vall\u00e8s Oriental 4<\/p>\n<p>Dimarts, 26 de maig a les 17h<br \/>\n<a href=\"https:\/\/www.educaciodema.cat\/qui-es-qui\/innovador\/eulalia-canet-nebot\" target=\"_blank\" rel=\"noopener noreferrer\">Eul\u00e0lia Canet,<\/a>\u00a0ens parlar\u00e0 del desplegament del projecte digital de centre incloent la rob\u00f2tica i la programaci\u00f3.<br \/>\nINSCRIPCIONS:\u00a0<a href=\"https:\/\/aplicacions.gestioeducativa.gencat.cat\/pls\/soloas\/pk_for_mod_ins.p_for_pre_cons_activitats?p_any=2019-2020&amp;p_totes=S&amp;p_codi=A160351A16\" target=\"_blank\" rel=\"noopener noreferrer\">https:\/\/aplicacions.gestioeducativa.gencat.cat\/pls\/soloas\/pk_for_mod_ins.p_for_pre_cons_activitats?p_any=2019-2020&amp;p_totes=S&amp;p_codi=A160351A16<\/a><\/p>\n<p>I a continuaci\u00f3, per tal de donar a con\u00e8ixer les\u00a0experi\u00e8ncies dels&hellip;  <a href=\"https:\/\/serveiseducatius.xtec.cat\/altmaresme\/general\/jornada-robotica-i-programacio-conferencia-inicial-i-experiencies-de-centres\/\" title=\"Read Jornada rob\u00f2tica i programaci\u00f3. Confer\u00e8ncia inicial i experi\u00e8ncies de centres.\">Llegeix m\u00e9s\u00bb<\/a><\/p>\n","protected":false},"author":1,"featured_media":12850,"comment_status":"open","ping_status":"closed","sticky":false,"template":"","format":"standard","meta":{"_bbp_topic_count":0,"_bbp_reply_count":0,"_bbp_total_topic_count":0,"_bbp_total_reply_count":0,"_bbp_voice_count":0,"_bbp_anonymous_reply_count":0,"_bbp_topic_count_hidden":0,"_bbp_reply_count_hidden":0,"_bbp_forum_subforum_count":0,"footnotes":""},"categories":[1,29],"tags":[],"class_list":["post-12849","post","type-post","status-publish","format-standard","has-post-thumbnail","hentry","category-general","category-portada"],"post_mailing_queue_ids":[],"_links":{"self":[{"href":"https:\/\/serveiseducatius.xtec.cat\/altmaresme\/wp-json\/wp\/v2\/posts\/12849","targetHints":{"allow":["GET"]}}],"collection":[{"href":"https:\/\/serveiseducatius.xtec.cat\/altmaresme\/wp-json\/wp\/v2\/posts"}],"about":[{"href":"https:\/\/serveiseducatius.xtec.cat\/altmaresme\/wp-json\/wp\/v2\/types\/post"}],"author":[{"embeddable":true,"href":"https:\/\/serveiseducatius.xtec.cat\/altmaresme\/wp-json\/wp\/v2\/users\/1"}],"replies":[{"embeddable":true,"href":"https:\/\/serveiseducatius.xtec.cat\/altmaresme\/wp-json\/wp\/v2\/comments?post=12849"}],"version-history":[{"count":1,"href":"https:\/\/serveiseducatius.xtec.cat\/altmaresme\/wp-json\/wp\/v2\/posts\/12849\/revisions"}],"predecessor-version":[{"id":12851,"href":"https:\/\/serveiseducatius.xtec.cat\/altmaresme\/wp-json\/wp\/v2\/posts\/12849\/revisions\/12851"}],"wp:featuredmedia":[{"embeddable":true,"href":"https:\/\/serveiseducatius.xtec.cat\/altmaresme\/wp-json\/wp\/v2\/media\/12850"}],"wp:attachment":[{"href":"https:\/\/serveiseducatius.xtec.cat\/altmaresme\/wp-json\/wp\/v2\/media?parent=12849"}],"wp:term":[{"taxonomy":"category","embeddable":true,"href":"https:\/\/serveiseducatius.xtec.cat\/altmaresme\/wp-json\/wp\/v2\/categories?post=12849"},{"taxonomy":"post_tag","embeddable":true,"href":"https:\/\/serveiseducatius.xtec.cat\/altmaresme\/wp-json\/wp\/v2\/tags?post=12849"}],"curies":[{"name":"wp","href":"https:\/\/api.w.org\/{rel}","templated":true}]}}