{"id":12808,"date":"2020-05-20T18:27:19","date_gmt":"2020-05-20T16:27:19","guid":{"rendered":"http:\/\/serveiseducatius.xtec.cat\/altmaresme\/?p=12808"},"modified":"2020-05-20T18:27:19","modified_gmt":"2020-05-20T16:27:19","slug":"pla-de-reobertura-descoles-i-instituts-per-juny-i-setembre","status":"publish","type":"post","link":"https:\/\/serveiseducatius.xtec.cat\/altmaresme\/general\/pla-de-reobertura-descoles-i-instituts-per-juny-i-setembre\/","title":{"rendered":"Pla de reobertura d\u2019escoles i instituts per juny i setembre"},"content":{"rendered":"<p style=\"text-align: justify;\"><strong><img loading=\"lazy\" decoding=\"async\" class=\"aligncenter  wp-image-12809 alignleft\" src=\"https:\/\/serveiseducatius.xtec.cat\/altmaresme\/wp-content\/uploads\/usu1140\/2020\/05\/Captura-de-pantalla-2020-05-20-a-las-18.16.52.png\" alt=\"\" width=\"225\" height=\"278\" srcset=\"https:\/\/serveiseducatius.xtec.cat\/altmaresme\/wp-content\/uploads\/usu1140\/2020\/05\/Captura-de-pantalla-2020-05-20-a-las-18.16.52.png 786w, https:\/\/serveiseducatius.xtec.cat\/altmaresme\/wp-content\/uploads\/usu1140\/2020\/05\/Captura-de-pantalla-2020-05-20-a-las-18.16.52-243x300.png 243w, https:\/\/serveiseducatius.xtec.cat\/altmaresme\/wp-content\/uploads\/usu1140\/2020\/05\/Captura-de-pantalla-2020-05-20-a-las-18.16.52-768x948.png 768w\" sizes=\"auto, (max-width: 225px) 100vw, 225px\" \/><a href=\"https:\/\/drive.google.com\/file\/d\/17OC285gITvrYJ_CzQksCC5zigbxy5kwH\/view\">Pla del Departament d\u2019Educaci\u00f3 d\u2019obertura de centres educatius<\/a> en fase 2 de desescalada en la finalitzaci\u00f3 del curs 2019-2020 i per a l\u2019organitzaci\u00f3 i funcionament dels centres i els estudis del curs 2020-2021.<\/strong><\/p>\n<p style=\"text-align: justify;\">El Departament d\u2019Educaci\u00f3 de la Generalitat, autoritat competent en mat\u00e8ria educativa a Catalunya, expressa la seva absoluta prioritat en garantir el dret a l\u2019educaci\u00f3 de tot l\u2019alumnat a partir de l\u2019atenci\u00f3 presencial i grupal en el seu centre per a la realitzaci\u00f3 i el seguiment de l\u2019activitat formativa i lectiva ordin\u00e0ria, que, en les circumst\u00e0ncies actuals, nom\u00e9s podr\u00e0 ser possible de manera completa en el curs 2020-2021, a partir del mes de setembre, quan hagi desaparegut l\u2019estat d\u2019alarma, no hi hagi cap fase de desescalada encara en vigor ni estigui vigent cap restricci\u00f3 de mobilitat, atenent sempre les indicacions de les autoritats sanit\u00e0ries pel que fa a mesures de prevenci\u00f3, higiene i distanciament f\u00edsic, en especial les emeses espec\u00edficament per a la comunitat educativa.<\/p>\n<p>&nbsp;<\/p>\n<p>&nbsp;<\/p>\n","protected":false},"excerpt":{"rendered":"<p><a href=\"https:\/\/drive.google.com\/file\/d\/17OC285gITvrYJ_CzQksCC5zigbxy5kwH\/view\">Pla del Departament d\u2019Educaci\u00f3 d\u2019obertura de centres educatius<\/a> en fase 2 de desescalada en la finalitzaci\u00f3 del curs 2019-2020 i per a l\u2019organitzaci\u00f3 i funcionament dels centres i els estudis del curs 2020-2021.<br \/>\nEl Departament d\u2019Educaci\u00f3 de la Generalitat, autoritat competent en mat\u00e8ria educativa a&hellip;  <a href=\"https:\/\/serveiseducatius.xtec.cat\/altmaresme\/general\/pla-de-reobertura-descoles-i-instituts-per-juny-i-setembre\/\" title=\"Read Pla de reobertura d\u2019escoles i instituts per juny i setembre\">Llegeix m\u00e9s\u00bb<\/a><\/p>\n","protected":false},"author":1,"featured_media":12809,"comment_status":"open","ping_status":"closed","sticky":false,"template":"","format":"standard","meta":{"_bbp_topic_count":0,"_bbp_reply_count":0,"_bbp_total_topic_count":0,"_bbp_total_reply_count":0,"_bbp_voice_count":0,"_bbp_anonymous_reply_count":0,"_bbp_topic_count_hidden":0,"_bbp_reply_count_hidden":0,"_bbp_forum_subforum_count":0,"footnotes":""},"categories":[1,29],"tags":[],"class_list":["post-12808","post","type-post","status-publish","format-standard","has-post-thumbnail","hentry","category-general","category-portada"],"post_mailing_queue_ids":[],"_links":{"self":[{"href":"https:\/\/serveiseducatius.xtec.cat\/altmaresme\/wp-json\/wp\/v2\/posts\/12808","targetHints":{"allow":["GET"]}}],"collection":[{"href":"https:\/\/serveiseducatius.xtec.cat\/altmaresme\/wp-json\/wp\/v2\/posts"}],"about":[{"href":"https:\/\/serveiseducatius.xtec.cat\/altmaresme\/wp-json\/wp\/v2\/types\/post"}],"author":[{"embeddable":true,"href":"https:\/\/serveiseducatius.xtec.cat\/altmaresme\/wp-json\/wp\/v2\/users\/1"}],"replies":[{"embeddable":true,"href":"https:\/\/serveiseducatius.xtec.cat\/altmaresme\/wp-json\/wp\/v2\/comments?post=12808"}],"version-history":[{"count":1,"href":"https:\/\/serveiseducatius.xtec.cat\/altmaresme\/wp-json\/wp\/v2\/posts\/12808\/revisions"}],"predecessor-version":[{"id":12810,"href":"https:\/\/serveiseducatius.xtec.cat\/altmaresme\/wp-json\/wp\/v2\/posts\/12808\/revisions\/12810"}],"wp:featuredmedia":[{"embeddable":true,"href":"https:\/\/serveiseducatius.xtec.cat\/altmaresme\/wp-json\/wp\/v2\/media\/12809"}],"wp:attachment":[{"href":"https:\/\/serveiseducatius.xtec.cat\/altmaresme\/wp-json\/wp\/v2\/media?parent=12808"}],"wp:term":[{"taxonomy":"category","embeddable":true,"href":"https:\/\/serveiseducatius.xtec.cat\/altmaresme\/wp-json\/wp\/v2\/categories?post=12808"},{"taxonomy":"post_tag","embeddable":true,"href":"https:\/\/serveiseducatius.xtec.cat\/altmaresme\/wp-json\/wp\/v2\/tags?post=12808"}],"curies":[{"name":"wp","href":"https:\/\/api.w.org\/{rel}","templated":true}]}}