{"id":12778,"date":"2020-05-19T09:09:27","date_gmt":"2020-05-19T07:09:27","guid":{"rendered":"http:\/\/serveiseducatius.xtec.cat\/altmaresme\/?p=12778"},"modified":"2020-05-19T09:09:27","modified_gmt":"2020-05-19T07:09:27","slug":"i-jornada-dintercanvi-dexperiencies-steam-per-al-professorat","status":"publish","type":"post","link":"https:\/\/serveiseducatius.xtec.cat\/altmaresme\/general\/i-jornada-dintercanvi-dexperiencies-steam-per-al-professorat\/","title":{"rendered":"I Jornada d\u2019intercanvi d\u2019experi\u00e8ncies STEAM per al professorat"},"content":{"rendered":"<p style=\"text-align: center;\"><img loading=\"lazy\" decoding=\"async\" class=\"aligncenter  wp-image-12779\" src=\"https:\/\/serveiseducatius.xtec.cat\/altmaresme\/wp-content\/uploads\/usu1140\/2020\/05\/Captura-de-pantalla-2020-05-19-a-las-9.05.39-1024x600.png\" alt=\"\" width=\"331\" height=\"195\" srcset=\"https:\/\/serveiseducatius.xtec.cat\/altmaresme\/wp-content\/uploads\/usu1140\/2020\/05\/Captura-de-pantalla-2020-05-19-a-las-9.05.39-1024x600.png 1024w, https:\/\/serveiseducatius.xtec.cat\/altmaresme\/wp-content\/uploads\/usu1140\/2020\/05\/Captura-de-pantalla-2020-05-19-a-las-9.05.39-300x176.png 300w, https:\/\/serveiseducatius.xtec.cat\/altmaresme\/wp-content\/uploads\/usu1140\/2020\/05\/Captura-de-pantalla-2020-05-19-a-las-9.05.39-768x450.png 768w, https:\/\/serveiseducatius.xtec.cat\/altmaresme\/wp-content\/uploads\/usu1140\/2020\/05\/Captura-de-pantalla-2020-05-19-a-las-9.05.39.png 1464w\" sizes=\"auto, (max-width: 331px) 100vw, 331px\" \/><span style=\"font-family: inherit; font-size: 1em;\">clica la imatge<\/span><\/p>\n<p style=\"text-align: center;\"><strong>Data:<\/strong>\u00a020 de maig<\/p>\n<p style=\"text-align: center;\"><strong>Horari:<\/strong>\u00a0De 17 h a 19.30 h<\/p>\n<p style=\"text-align: center;\"><strong>Lloc i continguts:<\/strong>\u00a0Mireu les sales virtuals en la taula\u00a0d&#8217;exposicions de sota<\/p>\n<p style=\"text-align: center;\"><strong>Hashtag Twitter<\/strong>: #jornadaSTEAM<\/p>\n<p>A partir d\u2019una inciativa de l\u2019<a href=\"http:\/\/www.ice.udl.cat\/ca\/equips\/Equip-ICE-Ciencia-i-Tecnologia-a-Secundaria\/\" target=\"_blank\" rel=\"noopener noreferrer\"><strong>Equip ICE STEAM: El motor del canvi<\/strong><\/a>, l\u2019<strong>ICE de la Universitat de Lleida<\/strong>\u00a0i els\u00a0<strong>Serveis Educatius del Departament d\u2019Educaci\u00f3 a Lleida<\/strong>\u00a0organitzen la\u00a0<strong>I Jornada d\u2019Intercanvi d\u2019Experi\u00e8ncies STEAM per al professorat<\/strong>. La proposta acull 32 experi\u00e8ncies desenvolupades ens els centres educatius de Prim\u00e0ria, Secund\u00e0ria, FP i Camps d\u2019Aprenentatge.<\/p>\n<p>Compartir per videoconfer\u00e8ncia les experi\u00e8ncies STEAM que duguis a terme actualment o que hagis desenvolupat en el teu centre. La intenci\u00f3 \u00e9s enriquir-nos entre iguals, tot fent possible un intercanvi que ajudi a inspirar-nos, a compartir i a adaptar les experi\u00e8nc\u00faeies STEAM a la pr\u00e0ctica i a la situaci\u00f3 actuals.<\/p>\n<p>&nbsp;<\/p>\n","protected":false},"excerpt":{"rendered":"<p>clica la imatge<br \/>\nData:\u00a020 de maig<br \/>\nHorari:\u00a0De 17 h a 19.30 h<br \/>\nLloc i continguts:\u00a0Mireu les sales virtuals en la taula\u00a0d&#8217;exposicions de sota<br \/>\nHashtag Twitter: #jornadaSTEAM<br \/>\nA partir d\u2019una inciativa de l\u2019<a href=\"http:\/\/www.ice.udl.cat\/ca\/equips\/Equip-ICE-Ciencia-i-Tecnologia-a-Secundaria\/\" target=\"_blank\" rel=\"noopener noreferrer\">Equip ICE STEAM: El motor del canvi<\/a>, l\u2019ICE de la Universitat de Lleida\u00a0i els\u00a0Serveis Educatius&hellip;  <a href=\"https:\/\/serveiseducatius.xtec.cat\/altmaresme\/general\/i-jornada-dintercanvi-dexperiencies-steam-per-al-professorat\/\" title=\"Read I Jornada d\u2019intercanvi d\u2019experi\u00e8ncies STEAM per al professorat\">Llegeix m\u00e9s\u00bb<\/a><\/p>\n","protected":false},"author":1,"featured_media":12779,"comment_status":"open","ping_status":"closed","sticky":false,"template":"","format":"standard","meta":{"_bbp_topic_count":0,"_bbp_reply_count":0,"_bbp_total_topic_count":0,"_bbp_total_reply_count":0,"_bbp_voice_count":0,"_bbp_anonymous_reply_count":0,"_bbp_topic_count_hidden":0,"_bbp_reply_count_hidden":0,"_bbp_forum_subforum_count":0,"footnotes":""},"categories":[1,29],"tags":[],"class_list":["post-12778","post","type-post","status-publish","format-standard","has-post-thumbnail","hentry","category-general","category-portada"],"post_mailing_queue_ids":[],"_links":{"self":[{"href":"https:\/\/serveiseducatius.xtec.cat\/altmaresme\/wp-json\/wp\/v2\/posts\/12778","targetHints":{"allow":["GET"]}}],"collection":[{"href":"https:\/\/serveiseducatius.xtec.cat\/altmaresme\/wp-json\/wp\/v2\/posts"}],"about":[{"href":"https:\/\/serveiseducatius.xtec.cat\/altmaresme\/wp-json\/wp\/v2\/types\/post"}],"author":[{"embeddable":true,"href":"https:\/\/serveiseducatius.xtec.cat\/altmaresme\/wp-json\/wp\/v2\/users\/1"}],"replies":[{"embeddable":true,"href":"https:\/\/serveiseducatius.xtec.cat\/altmaresme\/wp-json\/wp\/v2\/comments?post=12778"}],"version-history":[{"count":1,"href":"https:\/\/serveiseducatius.xtec.cat\/altmaresme\/wp-json\/wp\/v2\/posts\/12778\/revisions"}],"predecessor-version":[{"id":12780,"href":"https:\/\/serveiseducatius.xtec.cat\/altmaresme\/wp-json\/wp\/v2\/posts\/12778\/revisions\/12780"}],"wp:featuredmedia":[{"embeddable":true,"href":"https:\/\/serveiseducatius.xtec.cat\/altmaresme\/wp-json\/wp\/v2\/media\/12779"}],"wp:attachment":[{"href":"https:\/\/serveiseducatius.xtec.cat\/altmaresme\/wp-json\/wp\/v2\/media?parent=12778"}],"wp:term":[{"taxonomy":"category","embeddable":true,"href":"https:\/\/serveiseducatius.xtec.cat\/altmaresme\/wp-json\/wp\/v2\/categories?post=12778"},{"taxonomy":"post_tag","embeddable":true,"href":"https:\/\/serveiseducatius.xtec.cat\/altmaresme\/wp-json\/wp\/v2\/tags?post=12778"}],"curies":[{"name":"wp","href":"https:\/\/api.w.org\/{rel}","templated":true}]}}