{"id":12762,"date":"2020-05-18T08:10:43","date_gmt":"2020-05-18T06:10:43","guid":{"rendered":"http:\/\/serveiseducatius.xtec.cat\/altmaresme\/?p=12762"},"modified":"2020-05-17T07:11:49","modified_gmt":"2020-05-17T05:11:49","slug":"recull-de-recursos-ambientals-per-dies-de-confinament-vol-iii","status":"publish","type":"post","link":"https:\/\/serveiseducatius.xtec.cat\/altmaresme\/general\/recull-de-recursos-ambientals-per-dies-de-confinament-vol-iii\/","title":{"rendered":"RECULL DE RECURSOS AMBIENTALS PER DIES DE CONFINAMENT\u2013 VOL. III"},"content":{"rendered":"<p align=\"JUSTIFY\"><span style=\"font-family: Calibri, serif;\">L&#8217;escola de Natura El Corredor us fem arribar la tercera tria de recursos, articles i propostes per seguir treballant l\u2019Educaci\u00f3 per a la Sostenibilitat des de casa!<\/span><\/p>\n<ul>\n<li>\n<p align=\"JUSTIFY\"><span style=\"font-family: Calibri, serif;\">ACCIONS INTERESSANTS: L\u2019aturada pel confinament ha fet que moltes accions de \u201cneteja\u201d i manteniment de la vegetaci\u00f3 en espais urbans, rurals i enjardinats hagin deixat de fer-se. Aix\u00f2 ha provocat una explosi\u00f3 de vida i biodiversitat que hauria de fer-nos reflexionar sobre les nostres accions quotidianes. Un moviment a trav\u00e9s de tot Europa vol posar en valor les mal anomenades \u201cmales herbes\u201d identificant-les amb guix al terra:<\/span><\/p>\n<\/li>\n<\/ul>\n<ul>\n<li><a href=\"https:\/\/www.theguardian.com\/environment\/2020\/may\/01\/not-just-weeds-how-rebel-botanists-are-using-graffiti-to-name-forgotten-flora-aoe?CMP=share_btn_fb\" target=\"_blank\" rel=\"noopener noreferrer\" data-saferedirecturl=\"https:\/\/www.google.com\/url?q=https:\/\/www.theguardian.com\/environment\/2020\/may\/01\/not-just-weeds-how-rebel-botanists-are-using-graffiti-to-name-forgotten-flora-aoe?CMP%3Dshare_btn_fb&amp;source=gmail&amp;ust=1589712008382000&amp;usg=AFQjCNGeXzkackMpcDn1rTRDqhz28sZ3jg\"><span style=\"font-family: Calibri, serif;\">NOT JUST WEEDS<\/span><\/a><\/li>\n<li><a href=\"https:\/\/eixarcolant.cat\/blog\/quan-surtis-de-casa-agafa-un-guix\" target=\"_blank\" rel=\"noopener noreferrer\" data-saferedirecturl=\"https:\/\/www.google.com\/url?q=https:\/\/eixarcolant.cat\/blog\/quan-surtis-de-casa-agafa-un-guix&amp;source=gmail&amp;ust=1589712008383000&amp;usg=AFQjCNFb6nLqF9u_YlzNV1znSUEi4zXkZA\"><span style=\"font-family: Calibri, serif;\">QUAN SURTIS DE CASA AGAFA UN GUIX!<\/span><\/a><\/li>\n<\/ul>\n<ul>\n<li><span style=\"font-family: Calibri, serif;\">APRENDRE M\u00c9S SOBRE LES PAPALLONES: Al\u00a0<a href=\"https:\/\/www.youtube.com\/channel\/UCFWelvYMCdeazcCWkzipYMg\" target=\"_blank\" rel=\"noopener noreferrer\" data-saferedirecturl=\"https:\/\/www.google.com\/url?q=https:\/\/www.youtube.com\/channel\/UCFWelvYMCdeazcCWkzipYMg&amp;source=gmail&amp;ust=1589712008383000&amp;usg=AFQjCNHMpo_f0DVNQ9l79r_samh8-MMKtA\">canal de Youtube del CREAF<\/a>\u00a0(Centre de Recerca Agro-forestal) ja teniu disponible un curs d\u2019identificaci\u00f3 de papallones en obert i gratu\u00eft per a tothom. Est\u00e0 pensat per a papallones de l\u2019\u00c0rea Metropolitana de Barcelona, que s\u00f3n les que la majoria de vosaltres tamb\u00e9 podeu trobar a l\u2019entorn de les vostres escoles i municipis.<\/span><\/li>\n<\/ul>\n<ul>\n<li><a href=\"https:\/\/www.youtube.com\/watch?v=vmyh6uGmr9M\" target=\"_blank\" rel=\"noopener noreferrer\" data-saferedirecturl=\"https:\/\/www.google.com\/url?q=https:\/\/www.youtube.com\/watch?v%3Dvmyh6uGmr9M&amp;source=gmail&amp;ust=1589712008383000&amp;usg=AFQjCNF4vbu-79LcAsPGX8NKz1x3GWgotw\"><span style=\"font-family: Calibri, serif;\">SESSI\u00d3 1<\/span><\/a><\/li>\n<li><a href=\"https:\/\/www.youtube.com\/watch?v=CIFfml5Beig\" target=\"_blank\" rel=\"noopener noreferrer\" data-saferedirecturl=\"https:\/\/www.google.com\/url?q=https:\/\/www.youtube.com\/watch?v%3DCIFfml5Beig&amp;source=gmail&amp;ust=1589712008383000&amp;usg=AFQjCNH43nLe4nwtkxaclyFBbQBSPs7dAQ\"><span style=\"font-family: Calibri, serif;\">SESSI\u00d3 2<\/span><\/a><\/li>\n<li><a href=\"http:\/\/mbms.creaf.cat\/wp-content\/uploads\/2020\/05\/Identificacio_papallones_metropolitanes_mBMS.pdf\" target=\"_blank\" rel=\"noopener noreferrer\" data-saferedirecturl=\"https:\/\/www.google.com\/url?q=http:\/\/mbms.creaf.cat\/wp-content\/uploads\/2020\/05\/Identificacio_papallones_metropolitanes_mBMS.pdf&amp;source=gmail&amp;ust=1589712008383000&amp;usg=AFQjCNHZDqNL3-MO_q8S88t7MyVQgX2k0Q\"><span style=\"font-family: Calibri, serif;\">GUIA R\u00c0PIDA D\u2019IDENTIFICACI\u00d3 DE PAPALLONES METROPOLITANES<\/span><\/a><\/li>\n<li><a href=\"http:\/\/www.catalanbms.org\/pdf\/Cynthia_Fitxes_Identificacio.pdf\" target=\"_blank\" rel=\"noopener noreferrer\" data-saferedirecturl=\"https:\/\/www.google.com\/url?q=http:\/\/www.catalanbms.org\/pdf\/Cynthia_Fitxes_Identificacio.pdf&amp;source=gmail&amp;ust=1589712008383000&amp;usg=AFQjCNHh2V7D_cQQNIoZJa0Qtm3SSGjs5g\"><span style=\"font-family: Calibri, serif;\">FITXES D\u2019IDENTIFICACI\u00d3 DE PAPALLONES<\/span><\/a><\/li>\n<\/ul>\n<ul>\n<li><span style=\"font-family: Calibri, serif;\">RECURSOS PER DONAR-HI UN COP D\u2019ULL:<\/span><\/li>\n<\/ul>\n<ul>\n<li><span style=\"font-family: Calibri, serif;\"><a href=\"https:\/\/www.agenda2030.gob.es\/sites\/default\/files\/17-aves-para-17-ods-ok-min.pdf\" target=\"_blank\" rel=\"noopener noreferrer\" data-saferedirecturl=\"https:\/\/www.google.com\/url?q=https:\/\/www.agenda2030.gob.es\/sites\/default\/files\/17-aves-para-17-ods-ok-min.pdf&amp;source=gmail&amp;ust=1589712008383000&amp;usg=AFQjCNFJwtvA0gBGc866MBvTOF3MX_n-wQ\">17 OCELLS PER A 17 ODS<\/a>: Guia que vincula 17 esp\u00e8cies d\u2019ocells amb els 17 ODS segons les seves caracter\u00edstiques i el seu comportament (en castell\u00e0).<\/span><\/li>\n<li><span style=\"font-family: Calibri, serif;\">Per als m\u00e9s petits, l\u2019<a href=\"https:\/\/view.genial.ly\/5e70bf6badf8780fc366e0af\" target=\"_blank\" rel=\"noopener noreferrer\" data-saferedirecturl=\"https:\/\/www.google.com\/url?q=https:\/\/view.genial.ly\/5e70bf6badf8780fc366e0af&amp;source=gmail&amp;ust=1589712008383000&amp;usg=AFQjCNEE_e5X8ltvzjGIoOlpi-GR8nmG8Q\">ACTIVIZOO<\/a>: propostes di\u00e0ries d\u2019activitats per a omplir el temps lliure amb jocs, contes i curiositats que els permetran continuar aprenent sobre la natura.<\/span><\/li>\n<li><span style=\"font-family: Calibri, serif;\"><a href=\"https:\/\/www.ejatlas.org\/\" target=\"_blank\" rel=\"noopener noreferrer\" data-saferedirecturl=\"https:\/\/www.google.com\/url?q=https:\/\/www.ejatlas.org\/&amp;source=gmail&amp;ust=1589712008383000&amp;usg=AFQjCNGvXUerR50ysR-UODZfC0zSt6UyVA\">ATLES DELS CONFLICTES AMBIENTALS<\/a>: Atles interactiu i constantment actualitzat que recopila m\u00e9s de 2000 conflictes ambientals de tot el planeta. Realment interessant! (en angl\u00e8s).<\/span><\/li>\n<\/ul>\n<ul>\n<li><span style=\"font-family: Calibri, serif;\">ARTICLES D\u2019ACTUALITAT:<\/span>\n<ul>\n<li><a href=\"https:\/\/news.un.org\/es\/story\/2020\/03\/1470901\" target=\"_blank\" rel=\"noopener noreferrer\" data-saferedirecturl=\"https:\/\/www.google.com\/url?q=https:\/\/news.un.org\/es\/story\/2020\/03\/1470901&amp;source=gmail&amp;ust=1589712008383000&amp;usg=AFQjCNEtVFZbmO7tYNWnpcWlrdQJK3P8_w\"><span style=\"font-family: Calibri, serif;\"><i>El cambio clim\u00e1tico es m\u00e1s mortal que el Coronavirus<\/i><\/span><\/a><span style=\"font-family: Calibri, serif;\">, article publicat per l\u2019ONU a la seva web.<\/span><\/li>\n<li><span style=\"font-family: Calibri, serif;\"><a href=\"http:\/\/www.enc.pangea.org\/web\/?p=2068\" target=\"_blank\" rel=\"noopener noreferrer\" data-saferedirecturl=\"https:\/\/www.google.com\/url?q=http:\/\/www.enc.pangea.org\/web\/?p%3D2068&amp;source=gmail&amp;ust=1589712008383000&amp;usg=AFQjCNHXI2M3jLWDU3Vkui-iDB_s2XSjwA\">Passejades primaveral I<\/a>\u00a0i\u00a0<a href=\"http:\/\/www.enc.pangea.org\/web\/?p=2090\" target=\"_blank\" rel=\"noopener noreferrer\" data-saferedirecturl=\"https:\/\/www.google.com\/url?q=http:\/\/www.enc.pangea.org\/web\/?p%3D2090&amp;source=gmail&amp;ust=1589712008383000&amp;usg=AFQjCNEP2CrAhA22OVV2CO8QKyusWd9k4g\">II<\/a>, des de l\u2019Escola de Natura del Corredor us convidem a acompanyar-nos per les nostres feixes, tot interpretant i descobrint rastres, fauna i flora.<\/span><\/li>\n<\/ul>\n<\/li>\n<\/ul>\n<ul>\n<li>\n<p align=\"JUSTIFY\"><span style=\"font-family: Calibri, serif;\"><a href=\"https:\/\/bibliospineda.wordpress.com\/2020\/05\/13\/un-cop-dull-al-parc\/\" target=\"_blank\" rel=\"noopener noreferrer\" data-saferedirecturl=\"https:\/\/www.google.com\/url?q=https:\/\/bibliospineda.wordpress.com\/2020\/05\/13\/un-cop-dull-al-parc\/&amp;source=gmail&amp;ust=1589712008383000&amp;usg=AFQjCNFSkGeuAqgoY-CDQwgoIsd-JRKg0g\">UN COP D\u2019ULL AL PARC<\/a>: Les Biblioteques p\u00fabliques del Maresme conviden a celebrar el Dia Europeu dels Parcs fent una foto d\u2019algun fenomen o element natural perqu\u00e8 l\u2019envieu per correu electr\u00f2nic a\u00a0<a href=\"mailto:parcsibiblios@gmail.com\" target=\"_blank\" rel=\"noopener noreferrer\">parcsibiblios@gmail.com<\/a><\/span><\/p>\n<\/li>\n<\/ul>\n<p align=\"JUSTIFY\"><span style=\"font-family: Calibri, serif;\">Teniu temps des d\u2019ara mateix fins al 17 de maig!<\/span><\/p>\n<p align=\"JUSTIFY\"><span style=\"font-family: Calibri, serif;\">Amb les fotografies de tots els participants elaborarem unes quantes hist\u00f2ries per ajudar a descobrir missatges ocults de la natura a les imatges que heu captat. Podeu enviar imatges del medi natural si sou a prop, per\u00f2 compteu que la natura hi \u00e9s present als parcs urbans, als carrers o a casa mateix!<\/span><\/p>\n","protected":false},"excerpt":{"rendered":"<p>L&#8217;escola de Natura El Corredor us fem arribar la tercera tria de recursos, articles i propostes per seguir treballant l\u2019Educaci\u00f3 per a la Sostenibilitat des de casa!<\/p>\n<ul>\n<li>\nACCIONS INTERESSANTS: L\u2019aturada pel confinament ha fet que moltes accions de \u201cneteja\u201d i manteniment de la vegetaci\u00f3 en espais&hellip;  <a href=\"https:\/\/serveiseducatius.xtec.cat\/altmaresme\/general\/recull-de-recursos-ambientals-per-dies-de-confinament-vol-iii\/\" title=\"Read RECULL DE RECURSOS AMBIENTALS PER DIES DE CONFINAMENT\u2013 VOL. III\">Llegeix m\u00e9s\u00bb<\/a><\/p>\n","protected":false},"author":1,"featured_media":12558,"comment_status":"open","ping_status":"closed","sticky":false,"template":"","format":"standard","meta":{"_bbp_topic_count":0,"_bbp_reply_count":0,"_bbp_total_topic_count":0,"_bbp_total_reply_count":0,"_bbp_voice_count":0,"_bbp_anonymous_reply_count":0,"_bbp_topic_count_hidden":0,"_bbp_reply_count_hidden":0,"_bbp_forum_subforum_count":0,"footnotes":""},"categories":[1,29],"tags":[],"class_list":["post-12762","post","type-post","status-publish","format-standard","has-post-thumbnail","hentry","category-general","category-portada"],"post_mailing_queue_ids":[],"_links":{"self":[{"href":"https:\/\/serveiseducatius.xtec.cat\/altmaresme\/wp-json\/wp\/v2\/posts\/12762","targetHints":{"allow":["GET"]}}],"collection":[{"href":"https:\/\/serveiseducatius.xtec.cat\/altmaresme\/wp-json\/wp\/v2\/posts"}],"about":[{"href":"https:\/\/serveiseducatius.xtec.cat\/altmaresme\/wp-json\/wp\/v2\/types\/post"}],"author":[{"embeddable":true,"href":"https:\/\/serveiseducatius.xtec.cat\/altmaresme\/wp-json\/wp\/v2\/users\/1"}],"replies":[{"embeddable":true,"href":"https:\/\/serveiseducatius.xtec.cat\/altmaresme\/wp-json\/wp\/v2\/comments?post=12762"}],"version-history":[{"count":2,"href":"https:\/\/serveiseducatius.xtec.cat\/altmaresme\/wp-json\/wp\/v2\/posts\/12762\/revisions"}],"predecessor-version":[{"id":12764,"href":"https:\/\/serveiseducatius.xtec.cat\/altmaresme\/wp-json\/wp\/v2\/posts\/12762\/revisions\/12764"}],"wp:featuredmedia":[{"embeddable":true,"href":"https:\/\/serveiseducatius.xtec.cat\/altmaresme\/wp-json\/wp\/v2\/media\/12558"}],"wp:attachment":[{"href":"https:\/\/serveiseducatius.xtec.cat\/altmaresme\/wp-json\/wp\/v2\/media?parent=12762"}],"wp:term":[{"taxonomy":"category","embeddable":true,"href":"https:\/\/serveiseducatius.xtec.cat\/altmaresme\/wp-json\/wp\/v2\/categories?post=12762"},{"taxonomy":"post_tag","embeddable":true,"href":"https:\/\/serveiseducatius.xtec.cat\/altmaresme\/wp-json\/wp\/v2\/tags?post=12762"}],"curies":[{"name":"wp","href":"https:\/\/api.w.org\/{rel}","templated":true}]}}