{"id":12748,"date":"2020-05-15T20:28:27","date_gmt":"2020-05-15T18:28:27","guid":{"rendered":"http:\/\/serveiseducatius.xtec.cat\/altmaresme\/?p=12748"},"modified":"2020-09-04T01:30:45","modified_gmt":"2020-09-03T23:30:45","slug":"atencio-a-les-families-i-professionals-deducacio","status":"publish","type":"post","link":"https:\/\/serveiseducatius.xtec.cat\/altmaresme\/general\/atencio-a-les-families-i-professionals-deducacio\/","title":{"rendered":"Atenci\u00f3 a les fam\u00edlies i professionals d&#8217;Educaci\u00f3"},"content":{"rendered":"<p>L&#8217;actual context generat per l&#8217;epid\u00e8mia de coronavirus SARIS-CoV-2 fa necess\u00e0ria l&#8217;adopci\u00f3 de mesures extraordin\u00e0ries pel que fa a l&#8217;atenci\u00f3 directa a fam\u00edlies i professionals de l&#8217;educaci\u00f3 per part dels Serveis Educatius.<\/p>\n<p style=\"text-align: center;\">En aquest sentit establim com a contacte prioritari el correu electr\u00f2nic:<\/p>\n<p><img loading=\"lazy\" decoding=\"async\" class=\"wp-image-12755 aligncenter\" src=\"https:\/\/serveiseducatius.xtec.cat\/altmaresme\/wp-content\/uploads\/usu1140\/2020\/05\/cellphone-cellular-communication-connection-263564-1024x512.jpg\" alt=\"\" width=\"134\" height=\"67\" srcset=\"https:\/\/serveiseducatius.xtec.cat\/altmaresme\/wp-content\/uploads\/usu1140\/2020\/05\/cellphone-cellular-communication-connection-263564-1024x512.jpg 1024w, https:\/\/serveiseducatius.xtec.cat\/altmaresme\/wp-content\/uploads\/usu1140\/2020\/05\/cellphone-cellular-communication-connection-263564-300x150.jpg 300w, https:\/\/serveiseducatius.xtec.cat\/altmaresme\/wp-content\/uploads\/usu1140\/2020\/05\/cellphone-cellular-communication-connection-263564-768x384.jpg 768w, https:\/\/serveiseducatius.xtec.cat\/altmaresme\/wp-content\/uploads\/usu1140\/2020\/05\/cellphone-cellular-communication-connection-263564.jpg 2000w\" sizes=\"auto, (max-width: 134px) 100vw, 134px\" \/><\/p>\n<p style=\"text-align: center;\">Fam\u00edlies i centres- referent EAP: a8900254@xtec.cat<\/p>\n<p style=\"text-align: center;\">Nouvinguts i centres- referent LIC: mmart582@xtec.cat<\/p>\n<p style=\"text-align: center;\">Docents i centres- referent CRP: crp-pineda@xtec.cat<\/p>\n<p style=\"text-align: center;\">Tamb\u00e9 podeu contactar a trav\u00e9s del tel\u00e8fon:<\/p>\n<p style=\"text-align: center;\"><img loading=\"lazy\" decoding=\"async\" class=\"wp-image-12749 alignnone\" style=\"font-size: 16px; text-align: center;\" src=\"https:\/\/serveiseducatius.xtec.cat\/altmaresme\/wp-content\/uploads\/usu1140\/2020\/05\/telefon.png\" alt=\"\" width=\"14\" height=\"14\" srcset=\"https:\/\/serveiseducatius.xtec.cat\/altmaresme\/wp-content\/uploads\/usu1140\/2020\/05\/telefon.png 225w, https:\/\/serveiseducatius.xtec.cat\/altmaresme\/wp-content\/uploads\/usu1140\/2020\/05\/telefon-150x150.png 150w\" sizes=\"auto, (max-width: 14px) 100vw, 14px\" \/> <span style=\"font-family: inherit; font-size: 1em;\">937625004\u00a0<\/span><\/p>\n<p style=\"text-align: center;\">En horari de 9 a 14h<\/p>\n<p>&nbsp;<\/p>\n","protected":false},"excerpt":{"rendered":"<p>L&#8217;actual context generat per l&#8217;epid\u00e8mia de coronavirus SARIS-CoV-2 fa necess\u00e0ria l&#8217;adopci\u00f3 de mesures extraordin\u00e0ries pel que fa a l&#8217;atenci\u00f3 directa a fam\u00edlies i professionals de l&#8217;educaci\u00f3 per part dels Serveis Educatius.<br \/>\nEn aquest sentit establim com a contacte prioritari el correu electr\u00f2nic:<\/p>\n<p>Fam\u00edlies i centres- referent EAP:&hellip;  <a href=\"https:\/\/serveiseducatius.xtec.cat\/altmaresme\/general\/atencio-a-les-families-i-professionals-deducacio\/\" title=\"Read Atenci\u00f3 a les fam\u00edlies i professionals d&#8217;Educaci\u00f3\">Llegeix m\u00e9s\u00bb<\/a><\/p>\n","protected":false},"author":1,"featured_media":12755,"comment_status":"open","ping_status":"closed","sticky":false,"template":"","format":"standard","meta":{"_bbp_topic_count":0,"_bbp_reply_count":0,"_bbp_total_topic_count":0,"_bbp_total_reply_count":0,"_bbp_voice_count":0,"_bbp_anonymous_reply_count":0,"_bbp_topic_count_hidden":0,"_bbp_reply_count_hidden":0,"_bbp_forum_subforum_count":0,"footnotes":""},"categories":[1,29],"tags":[],"class_list":["post-12748","post","type-post","status-publish","format-standard","has-post-thumbnail","hentry","category-general","category-portada"],"post_mailing_queue_ids":[],"_links":{"self":[{"href":"https:\/\/serveiseducatius.xtec.cat\/altmaresme\/wp-json\/wp\/v2\/posts\/12748","targetHints":{"allow":["GET"]}}],"collection":[{"href":"https:\/\/serveiseducatius.xtec.cat\/altmaresme\/wp-json\/wp\/v2\/posts"}],"about":[{"href":"https:\/\/serveiseducatius.xtec.cat\/altmaresme\/wp-json\/wp\/v2\/types\/post"}],"author":[{"embeddable":true,"href":"https:\/\/serveiseducatius.xtec.cat\/altmaresme\/wp-json\/wp\/v2\/users\/1"}],"replies":[{"embeddable":true,"href":"https:\/\/serveiseducatius.xtec.cat\/altmaresme\/wp-json\/wp\/v2\/comments?post=12748"}],"version-history":[{"count":4,"href":"https:\/\/serveiseducatius.xtec.cat\/altmaresme\/wp-json\/wp\/v2\/posts\/12748\/revisions"}],"predecessor-version":[{"id":12951,"href":"https:\/\/serveiseducatius.xtec.cat\/altmaresme\/wp-json\/wp\/v2\/posts\/12748\/revisions\/12951"}],"wp:featuredmedia":[{"embeddable":true,"href":"https:\/\/serveiseducatius.xtec.cat\/altmaresme\/wp-json\/wp\/v2\/media\/12755"}],"wp:attachment":[{"href":"https:\/\/serveiseducatius.xtec.cat\/altmaresme\/wp-json\/wp\/v2\/media?parent=12748"}],"wp:term":[{"taxonomy":"category","embeddable":true,"href":"https:\/\/serveiseducatius.xtec.cat\/altmaresme\/wp-json\/wp\/v2\/categories?post=12748"},{"taxonomy":"post_tag","embeddable":true,"href":"https:\/\/serveiseducatius.xtec.cat\/altmaresme\/wp-json\/wp\/v2\/tags?post=12748"}],"curies":[{"name":"wp","href":"https:\/\/api.w.org\/{rel}","templated":true}]}}