{"id":12702,"date":"2020-05-12T08:15:55","date_gmt":"2020-05-12T06:15:55","guid":{"rendered":"http:\/\/serveiseducatius.xtec.cat\/altmaresme\/?p=12702"},"modified":"2020-05-12T05:22:52","modified_gmt":"2020-05-12T03:22:52","slug":"la-clika-cantata-online-proposta-educativa-primer-cicle-de-primaria","status":"publish","type":"post","link":"https:\/\/serveiseducatius.xtec.cat\/altmaresme\/general\/la-clika-cantata-online-proposta-educativa-primer-cicle-de-primaria\/","title":{"rendered":"La CLIKA cantata online: proposta educativa primer cicle de prim\u00e0ria"},"content":{"rendered":"<p><img loading=\"lazy\" decoding=\"async\" class=\"aligncenter  wp-image-12703\" src=\"https:\/\/serveiseducatius.xtec.cat\/altmaresme\/wp-content\/uploads\/usu1140\/2020\/05\/Captura-de-pantalla-2020-05-12-a-las-5.18.13.png\" alt=\"\" width=\"387\" height=\"195\" srcset=\"https:\/\/serveiseducatius.xtec.cat\/altmaresme\/wp-content\/uploads\/usu1140\/2020\/05\/Captura-de-pantalla-2020-05-12-a-las-5.18.13.png 574w, https:\/\/serveiseducatius.xtec.cat\/altmaresme\/wp-content\/uploads\/usu1140\/2020\/05\/Captura-de-pantalla-2020-05-12-a-las-5.18.13-300x152.png 300w\" sizes=\"auto, (max-width: 387px) 100vw, 387px\" \/><\/p>\n<p>Les Cases de la M\u00fasica estem treballant una cantata, LA CLIKA, amb alumes de 2n de prim\u00e0ria de 82 escoles de prim\u00e0ria. L&#8217;actual confinament ens ha fet decidir fer els concerts que ten\u00edem previstos a final d&#8217;aquest curs online. Aquest fet obre la possibilitat a que altres escoles s&#8217;hi puguin afegir, i per aix\u00f2 ens posem en contacte amb vosaltres: Facilitem de manera totalment gratu\u00efta tot el material pedag\u00f2gic, i que pot treballar des de casa f\u00e0cilment. I a final de curs es poden connectar amb els m\u00fasics que tocaran les can\u00e7ons en directe i participar a la cantata.<\/p>\n<p>Us adjuntem la <a href=\"https:\/\/serveiseducatius.xtec.cat\/vallesoriental4\/wp-content\/uploads\/usu1133\/2020\/05\/carta-presentacio-La-Clika.pdf\">carta de presentaci\u00f3<\/a>.<\/p>\n<p>Qualsevol dubte ens podeu trobar en aquest mail,\u00a0<a href=\"mailto:clika@casadelamusica.cat\" target=\"_blank\" rel=\"noopener noreferrer\">clika@casadelamusica.cat<\/a><\/p>\n<p>NOTA: Les CASES DE LA M\u00daSICA es un projecte sense afany de lucre per a dinamitzar la m\u00fasica, compartit per la Generalitat, la Diputaci\u00f3 de BCN, la Diputaci\u00f3 de Girona, Els Ajuntaments de Terrassa, Hospitalet, Manresa, Matar\u00f3, Cabrils, i empreses culturals privades d&#8217;aquests municipis.<\/p>\n<p>Trobareu m\u00e9s informaci\u00f3 a la web\u00a0<a href=\"http:\/\/www.laclika.cat\/\">http:\/\/www.laclika.cat<\/a><\/p>\n","protected":false},"excerpt":{"rendered":"<p>Les Cases de la M\u00fasica estem treballant una cantata, LA CLIKA, amb alumes de 2n de prim\u00e0ria de 82 escoles de prim\u00e0ria. L&#8217;actual confinament ens ha fet decidir fer els concerts que ten\u00edem previstos a final d&#8217;aquest curs online. Aquest fet obre la possibilitat a&hellip;  <a href=\"https:\/\/serveiseducatius.xtec.cat\/altmaresme\/general\/la-clika-cantata-online-proposta-educativa-primer-cicle-de-primaria\/\" title=\"Read La CLIKA cantata online: proposta educativa primer cicle de prim\u00e0ria\">Llegeix m\u00e9s\u00bb<\/a><\/p>\n","protected":false},"author":1,"featured_media":12703,"comment_status":"open","ping_status":"closed","sticky":false,"template":"","format":"standard","meta":{"_bbp_topic_count":0,"_bbp_reply_count":0,"_bbp_total_topic_count":0,"_bbp_total_reply_count":0,"_bbp_voice_count":0,"_bbp_anonymous_reply_count":0,"_bbp_topic_count_hidden":0,"_bbp_reply_count_hidden":0,"_bbp_forum_subforum_count":0,"footnotes":""},"categories":[1,29],"tags":[],"class_list":["post-12702","post","type-post","status-publish","format-standard","has-post-thumbnail","hentry","category-general","category-portada"],"post_mailing_queue_ids":[],"_links":{"self":[{"href":"https:\/\/serveiseducatius.xtec.cat\/altmaresme\/wp-json\/wp\/v2\/posts\/12702","targetHints":{"allow":["GET"]}}],"collection":[{"href":"https:\/\/serveiseducatius.xtec.cat\/altmaresme\/wp-json\/wp\/v2\/posts"}],"about":[{"href":"https:\/\/serveiseducatius.xtec.cat\/altmaresme\/wp-json\/wp\/v2\/types\/post"}],"author":[{"embeddable":true,"href":"https:\/\/serveiseducatius.xtec.cat\/altmaresme\/wp-json\/wp\/v2\/users\/1"}],"replies":[{"embeddable":true,"href":"https:\/\/serveiseducatius.xtec.cat\/altmaresme\/wp-json\/wp\/v2\/comments?post=12702"}],"version-history":[{"count":1,"href":"https:\/\/serveiseducatius.xtec.cat\/altmaresme\/wp-json\/wp\/v2\/posts\/12702\/revisions"}],"predecessor-version":[{"id":12704,"href":"https:\/\/serveiseducatius.xtec.cat\/altmaresme\/wp-json\/wp\/v2\/posts\/12702\/revisions\/12704"}],"wp:featuredmedia":[{"embeddable":true,"href":"https:\/\/serveiseducatius.xtec.cat\/altmaresme\/wp-json\/wp\/v2\/media\/12703"}],"wp:attachment":[{"href":"https:\/\/serveiseducatius.xtec.cat\/altmaresme\/wp-json\/wp\/v2\/media?parent=12702"}],"wp:term":[{"taxonomy":"category","embeddable":true,"href":"https:\/\/serveiseducatius.xtec.cat\/altmaresme\/wp-json\/wp\/v2\/categories?post=12702"},{"taxonomy":"post_tag","embeddable":true,"href":"https:\/\/serveiseducatius.xtec.cat\/altmaresme\/wp-json\/wp\/v2\/tags?post=12702"}],"curies":[{"name":"wp","href":"https:\/\/api.w.org\/{rel}","templated":true}]}}