{"id":12694,"date":"2020-05-11T19:05:44","date_gmt":"2020-05-11T17:05:44","guid":{"rendered":"http:\/\/serveiseducatius.xtec.cat\/altmaresme\/?p=12694"},"modified":"2020-05-13T19:51:23","modified_gmt":"2020-05-13T17:51:23","slug":"escola-la-minerva-som-escola-baldiri-reixac","status":"publish","type":"post","link":"https:\/\/serveiseducatius.xtec.cat\/altmaresme\/general\/escola-la-minerva-som-escola-baldiri-reixac\/","title":{"rendered":"Escola La Minerva: Som escola Baldiri Reixac"},"content":{"rendered":"<p><img loading=\"lazy\" decoding=\"async\" class=\"aligncenter wp-image-12695 alignleft\" src=\"https:\/\/serveiseducatius.xtec.cat\/altmaresme\/wp-content\/uploads\/usu1140\/2020\/05\/Captura-de-pantalla-2020-05-11-a-las-18.56.11-1024x613.png\" alt=\"\" width=\"376\" height=\"225\" srcset=\"https:\/\/serveiseducatius.xtec.cat\/altmaresme\/wp-content\/uploads\/usu1140\/2020\/05\/Captura-de-pantalla-2020-05-11-a-las-18.56.11-1024x613.png 1024w, https:\/\/serveiseducatius.xtec.cat\/altmaresme\/wp-content\/uploads\/usu1140\/2020\/05\/Captura-de-pantalla-2020-05-11-a-las-18.56.11-300x180.png 300w, https:\/\/serveiseducatius.xtec.cat\/altmaresme\/wp-content\/uploads\/usu1140\/2020\/05\/Captura-de-pantalla-2020-05-11-a-las-18.56.11-768x460.png 768w, https:\/\/serveiseducatius.xtec.cat\/altmaresme\/wp-content\/uploads\/usu1140\/2020\/05\/Captura-de-pantalla-2020-05-11-a-las-18.56.11.png 1410w\" sizes=\"auto, (max-width: 376px) 100vw, 376px\" \/><span style=\"font-family: inherit; font-size: 1em;\">Ens plau informar-vos que l&#8217;escola <\/span><a style=\"font-family: inherit; font-size: 1em;\" href=\"https:\/\/agora.xtec.cat\/ceiplaminerva\/\">La Minerva<\/a><span style=\"font-family: inherit; font-size: 1em;\"> ha estat una de les escoles guanyadores del premi <\/span><a style=\"font-family: inherit; font-size: 1em;\" href=\"https:\/\/elsbaldiri.cat\/premi-baldiri-experiencies\/\"><b>Baldiri Reixac experi\u00e8ncies<\/b>\u00a0<\/a><span style=\"font-family: inherit; font-size: 1em;\">d&#8217;enguany.<\/span><\/p>\n<p>Van presentar el projecte de m\u00fasica &#8220;La Minerva canta al mar&#8221; i estan molt contents, ja que \u00e9s un reconeixement a l&#8217;esfor\u00e7 dels alumnes, les fam\u00edlies, el professorat i en especial, a la mestra de m\u00fasica i l&#8217;Ajuntament de Calella.<\/p>\n<p>Us mostrem el reportatge que els van fer l&#8217;InfoK fa anys al concert d&#8217;aquest projecte <a href=\"https:\/\/www.ccma.cat\/tv3\/super3\/infok\/la-minerva-canta-al-mar\/video\/5672909\/\" target=\"_blank\" rel=\"noopener noreferrer\" data-saferedirecturl=\"https:\/\/www.google.com\/url?q=https:\/\/www.ccma.cat\/tv3\/super3\/infok\/la-minerva-canta-al-mar\/video\/5672909\/&amp;source=gmail&amp;ust=1589442499416000&amp;usg=AFQjCNGJTpRfZ1kLdGPdV5Klg3Iphj1hHg\">InfoK &#8220;La Minerva canta al mar&#8221;<\/a><\/p>\n<p>&nbsp;<\/p>\n<p>&nbsp;<\/p>\n","protected":false},"excerpt":{"rendered":"<p>Ens plau informar-vos que l&#8217;escola <a style=\"font-family: inherit; font-size: 1em;\" href=\"https:\/\/agora.xtec.cat\/ceiplaminerva\/\">La Minerva<\/a> ha estat una de les escoles guanyadores del premi <a style=\"font-family: inherit; font-size: 1em;\" href=\"https:\/\/elsbaldiri.cat\/premi-baldiri-experiencies\/\">Baldiri Reixac experi\u00e8ncies\u00a0<\/a>d&#8217;enguany.<br \/>\nVan presentar el projecte de m\u00fasica &#8220;La Minerva canta al mar&#8221; i estan molt contents, ja que&hellip;  <a href=\"https:\/\/serveiseducatius.xtec.cat\/altmaresme\/general\/escola-la-minerva-som-escola-baldiri-reixac\/\" title=\"Read Escola La Minerva: Som escola Baldiri Reixac\">Llegeix m\u00e9s\u00bb<\/a><\/p>\n","protected":false},"author":1,"featured_media":12695,"comment_status":"open","ping_status":"closed","sticky":false,"template":"","format":"standard","meta":{"_bbp_topic_count":0,"_bbp_reply_count":0,"_bbp_total_topic_count":0,"_bbp_total_reply_count":0,"_bbp_voice_count":0,"_bbp_anonymous_reply_count":0,"_bbp_topic_count_hidden":0,"_bbp_reply_count_hidden":0,"_bbp_forum_subforum_count":0,"footnotes":""},"categories":[1,29],"tags":[],"class_list":["post-12694","post","type-post","status-publish","format-standard","has-post-thumbnail","hentry","category-general","category-portada"],"post_mailing_queue_ids":[],"_links":{"self":[{"href":"https:\/\/serveiseducatius.xtec.cat\/altmaresme\/wp-json\/wp\/v2\/posts\/12694","targetHints":{"allow":["GET"]}}],"collection":[{"href":"https:\/\/serveiseducatius.xtec.cat\/altmaresme\/wp-json\/wp\/v2\/posts"}],"about":[{"href":"https:\/\/serveiseducatius.xtec.cat\/altmaresme\/wp-json\/wp\/v2\/types\/post"}],"author":[{"embeddable":true,"href":"https:\/\/serveiseducatius.xtec.cat\/altmaresme\/wp-json\/wp\/v2\/users\/1"}],"replies":[{"embeddable":true,"href":"https:\/\/serveiseducatius.xtec.cat\/altmaresme\/wp-json\/wp\/v2\/comments?post=12694"}],"version-history":[{"count":3,"href":"https:\/\/serveiseducatius.xtec.cat\/altmaresme\/wp-json\/wp\/v2\/posts\/12694\/revisions"}],"predecessor-version":[{"id":12724,"href":"https:\/\/serveiseducatius.xtec.cat\/altmaresme\/wp-json\/wp\/v2\/posts\/12694\/revisions\/12724"}],"wp:featuredmedia":[{"embeddable":true,"href":"https:\/\/serveiseducatius.xtec.cat\/altmaresme\/wp-json\/wp\/v2\/media\/12695"}],"wp:attachment":[{"href":"https:\/\/serveiseducatius.xtec.cat\/altmaresme\/wp-json\/wp\/v2\/media?parent=12694"}],"wp:term":[{"taxonomy":"category","embeddable":true,"href":"https:\/\/serveiseducatius.xtec.cat\/altmaresme\/wp-json\/wp\/v2\/categories?post=12694"},{"taxonomy":"post_tag","embeddable":true,"href":"https:\/\/serveiseducatius.xtec.cat\/altmaresme\/wp-json\/wp\/v2\/tags?post=12694"}],"curies":[{"name":"wp","href":"https:\/\/api.w.org\/{rel}","templated":true}]}}