{"id":12665,"date":"2020-05-07T10:29:59","date_gmt":"2020-05-07T08:29:59","guid":{"rendered":"http:\/\/serveiseducatius.xtec.cat\/altmaresme\/?p=12665"},"modified":"2020-05-07T10:30:16","modified_gmt":"2020-05-07T08:30:16","slug":"eines-per-a-la-gestio-emocional-i-del-dol-en-joves-durant-el-confinament-per-la-pandemia-de-la-covid-19","status":"publish","type":"post","link":"https:\/\/serveiseducatius.xtec.cat\/altmaresme\/general\/eines-per-a-la-gestio-emocional-i-del-dol-en-joves-durant-el-confinament-per-la-pandemia-de-la-covid-19\/","title":{"rendered":"Eines per a la gesti\u00f3 emocional i del dol en joves durant el confinament per la pand\u00e8mia de la COVID-19"},"content":{"rendered":"<p style=\"text-align: center;\"><a href=\"https:\/\/treballiaferssocials.gencat.cat\/web\/.content\/JOVENTUT_centre_documentacio_juvenil\/arxiu_documents\/dossier_tematic\/2020\/Eines_per_a_la_gestio_emocional_i_del_dol_en_joves_durant_el_confinament_per_la_pandemia_de_la_COVID-19_Abril_2020.pdf\"><img loading=\"lazy\" decoding=\"async\" class=\"aligncenter wp-image-12666\" src=\"https:\/\/serveiseducatius.xtec.cat\/altmaresme\/wp-content\/uploads\/usu1140\/2020\/05\/Captura-de-pantalla-2020-05-07-a-las-10.25.51.png\" alt=\"\" width=\"453\" height=\"259\" srcset=\"https:\/\/serveiseducatius.xtec.cat\/altmaresme\/wp-content\/uploads\/usu1140\/2020\/05\/Captura-de-pantalla-2020-05-07-a-las-10.25.51.png 1000w, https:\/\/serveiseducatius.xtec.cat\/altmaresme\/wp-content\/uploads\/usu1140\/2020\/05\/Captura-de-pantalla-2020-05-07-a-las-10.25.51-300x171.png 300w, https:\/\/serveiseducatius.xtec.cat\/altmaresme\/wp-content\/uploads\/usu1140\/2020\/05\/Captura-de-pantalla-2020-05-07-a-las-10.25.51-768x438.png 768w\" sizes=\"auto, (max-width: 453px) 100vw, 453px\" \/><\/a>clica la imatge<\/p>\n<p>&nbsp;<\/p>\n<p style=\"text-align: center;\">Aquest dossier tem\u00e0tic \u00e9s una selecci\u00f3 de recursos disponibles a la xarxa sobre aquest tema.<\/p>\n<p style=\"text-align: center;\">Per ampliar informaci\u00f3 sobre els nostres documents podeu consultar el cat\u00e0leg del Centre de Documentaci\u00f3 Juvenil a la seg\u00fcent adre\u00e7a:<\/p>\n<p style=\"text-align: center;\">https:\/\/treballiaferssocials.gencat.cat\/.content\/JOVENTUT_centre_documentaci o_juvenil\/arxiu_documents\/codi_cataleg_CDJ.html<\/p>\n<p style=\"text-align: center;\">o b\u00e9 posar-vos en contacte amb nosaltres:<\/p>\n<p style=\"text-align: center;\">Centre de Documentaci\u00f3 Juvenil C. Cal\u00e0bria, 147 08015 Barcelona Tel. 93 483 84 17 https:\/\/treballiaferssocials.gencat.cat\/ca\/ambits_tematics\/joventut\/centre_de_ documentacio_juvenil cdj.tsf@gencat.cat<\/p>\n","protected":false},"excerpt":{"rendered":"<p><a href=\"https:\/\/treballiaferssocials.gencat.cat\/web\/.content\/JOVENTUT_centre_documentacio_juvenil\/arxiu_documents\/dossier_tematic\/2020\/Eines_per_a_la_gestio_emocional_i_del_dol_en_joves_durant_el_confinament_per_la_pandemia_de_la_COVID-19_Abril_2020.pdf\"><\/a>clica la imatge<br \/>\n&nbsp;<br \/>\nAquest dossier tem\u00e0tic \u00e9s una selecci\u00f3 de recursos disponibles a la xarxa sobre aquest tema.<br \/>\nPer ampliar informaci\u00f3 sobre els nostres documents podeu consultar el cat\u00e0leg del Centre de Documentaci\u00f3 Juvenil a la seg\u00fcent adre\u00e7a:<br \/>\nhttps:\/\/treballiaferssocials.gencat.cat\/.content\/JOVENTUT_centre_documentaci o_juvenil\/arxiu_documents\/codi_cataleg_CDJ.html<br \/>\no b\u00e9 posar-vos en contacte amb nosaltres:<br \/>\nCentre de&hellip;  <a href=\"https:\/\/serveiseducatius.xtec.cat\/altmaresme\/general\/eines-per-a-la-gestio-emocional-i-del-dol-en-joves-durant-el-confinament-per-la-pandemia-de-la-covid-19\/\" title=\"Read Eines per a la gesti\u00f3 emocional i del dol en joves durant el confinament per la pand\u00e8mia de la COVID-19\">Llegeix m\u00e9s\u00bb<\/a><\/p>\n","protected":false},"author":1,"featured_media":12666,"comment_status":"open","ping_status":"closed","sticky":false,"template":"","format":"standard","meta":{"_bbp_topic_count":0,"_bbp_reply_count":0,"_bbp_total_topic_count":0,"_bbp_total_reply_count":0,"_bbp_voice_count":0,"_bbp_anonymous_reply_count":0,"_bbp_topic_count_hidden":0,"_bbp_reply_count_hidden":0,"_bbp_forum_subforum_count":0,"footnotes":""},"categories":[1,29],"tags":[],"class_list":["post-12665","post","type-post","status-publish","format-standard","has-post-thumbnail","hentry","category-general","category-portada"],"post_mailing_queue_ids":[],"_links":{"self":[{"href":"https:\/\/serveiseducatius.xtec.cat\/altmaresme\/wp-json\/wp\/v2\/posts\/12665","targetHints":{"allow":["GET"]}}],"collection":[{"href":"https:\/\/serveiseducatius.xtec.cat\/altmaresme\/wp-json\/wp\/v2\/posts"}],"about":[{"href":"https:\/\/serveiseducatius.xtec.cat\/altmaresme\/wp-json\/wp\/v2\/types\/post"}],"author":[{"embeddable":true,"href":"https:\/\/serveiseducatius.xtec.cat\/altmaresme\/wp-json\/wp\/v2\/users\/1"}],"replies":[{"embeddable":true,"href":"https:\/\/serveiseducatius.xtec.cat\/altmaresme\/wp-json\/wp\/v2\/comments?post=12665"}],"version-history":[{"count":2,"href":"https:\/\/serveiseducatius.xtec.cat\/altmaresme\/wp-json\/wp\/v2\/posts\/12665\/revisions"}],"predecessor-version":[{"id":12668,"href":"https:\/\/serveiseducatius.xtec.cat\/altmaresme\/wp-json\/wp\/v2\/posts\/12665\/revisions\/12668"}],"wp:featuredmedia":[{"embeddable":true,"href":"https:\/\/serveiseducatius.xtec.cat\/altmaresme\/wp-json\/wp\/v2\/media\/12666"}],"wp:attachment":[{"href":"https:\/\/serveiseducatius.xtec.cat\/altmaresme\/wp-json\/wp\/v2\/media?parent=12665"}],"wp:term":[{"taxonomy":"category","embeddable":true,"href":"https:\/\/serveiseducatius.xtec.cat\/altmaresme\/wp-json\/wp\/v2\/categories?post=12665"},{"taxonomy":"post_tag","embeddable":true,"href":"https:\/\/serveiseducatius.xtec.cat\/altmaresme\/wp-json\/wp\/v2\/tags?post=12665"}],"curies":[{"name":"wp","href":"https:\/\/api.w.org\/{rel}","templated":true}]}}