{"id":12600,"date":"2020-05-04T23:00:29","date_gmt":"2020-05-04T21:00:29","guid":{"rendered":"http:\/\/serveiseducatius.xtec.cat\/altmaresme\/?p=12600"},"modified":"2020-05-04T23:00:29","modified_gmt":"2020-05-04T21:00:29","slug":"webinar-matematiques-en-el-confinament-per-a-educacio-infantil","status":"publish","type":"post","link":"https:\/\/serveiseducatius.xtec.cat\/altmaresme\/general\/webinar-matematiques-en-el-confinament-per-a-educacio-infantil\/","title":{"rendered":"Webinar \u201cMatem\u00e0tiques en el confinament per a educaci\u00f3 infantil\u201d"},"content":{"rendered":"<p style=\"text-align: center;\">\n<a href=\"https:\/\/serveiseducatius.xtec.cat\/eixample\/general\/webinar\/\"><img loading=\"lazy\" decoding=\"async\" class=\"aligncenter size-large wp-image-12601\" src=\"https:\/\/serveiseducatius.xtec.cat\/altmaresme\/wp-content\/uploads\/usu1140\/2020\/05\/Captura-de-pantalla-2020-05-04-a-las-22.56.02-1024x275.png\" alt=\"\" width=\"1024\" height=\"275\" srcset=\"https:\/\/serveiseducatius.xtec.cat\/altmaresme\/wp-content\/uploads\/usu1140\/2020\/05\/Captura-de-pantalla-2020-05-04-a-las-22.56.02-1024x275.png 1024w, https:\/\/serveiseducatius.xtec.cat\/altmaresme\/wp-content\/uploads\/usu1140\/2020\/05\/Captura-de-pantalla-2020-05-04-a-las-22.56.02-300x81.png 300w, https:\/\/serveiseducatius.xtec.cat\/altmaresme\/wp-content\/uploads\/usu1140\/2020\/05\/Captura-de-pantalla-2020-05-04-a-las-22.56.02-768x206.png 768w\" sizes=\"auto, (max-width: 1024px) 100vw, 1024px\" \/><\/a>clica la imatge<\/p>\n<p><strong>El proper 11 de maig de 17 a 18.30 hores<\/strong>\u00a0es dur\u00e0 a terme el webinar\u00a0<strong>\u201cMatem\u00e0tiques en el confinament per a educaci\u00f3 infantil\u201d<\/strong>, que far\u00e0<strong>l\u2019Eva Costafreda<\/strong>, mestra i i responsable de\u00a0<a href=\"http:\/\/www.meskmates.com\/\">+KMATES.\u00a0<\/a>Aquest taller \u00e9s una p\u00edndola formativa dissenyada per l\u2019etapa d\u2019infantil que t\u00e9 per objectiu donar eines i recursos als docents per poder treballar a dist\u00e0ncia els conceptes matem\u00e0tics propis d\u2019aquests cursos. Durant la sessi\u00f3 es presentaran diferents app obertes, de lliure utilitzaci\u00f3, que permeten als alumnes treballar de forma aut\u00f2noma. Tamb\u00e9 es presentaran activitats matem\u00e0tiques, jocs i altres recursos que es poden compartir amb les fam\u00edlies a la vegada que tamb\u00e9 es poden treballar a les trobades amb l\u2019alumnat en el cas que es facin. Les propostes es poden dur a terme amb materials quotidians, d\u2019aquells que tots i totes podem tenir a casa. La sessi\u00f3 i tot el que es presenta est\u00e0 organitzat en 4 grans bloc:\u00a0<strong>comptatge, seriaci\u00f3 i patrons, geometria i primeres operacions<\/strong>. Despr\u00e9s de la sessi\u00f3 formativa es far\u00e0 arribar als assistents la presentaci\u00f3 que s\u2019utilitza durant aquesta aix\u00ed com tamb\u00e9 els recursos i les activitats presentades.<\/p>\n<ul>\n<li><strong>Dirigit a:<\/strong>\u00a0Mestres d\u2019Educaci\u00f3 Infantil<\/li>\n<li><strong>Formador:<\/strong>\u00a0Eva Costafreda<\/li>\n<li><b>Dia<\/b>: dilluns 11 de maig<\/li>\n<li><b>Horari<\/b>\u00a0del seminario: de 17:00 a 18:30 (hora Espa\u00f1a peninsular).<\/li>\n<\/ul>\n<p>No et quedis sense pla\u00e7a i\u00a0<a href=\"https:\/\/docs.google.com\/forms\/d\/e\/1FAIpQLSfJ_rw3wFqeCQAKvybCPVOqvI303XMgn8bRqGj_bjKbtybOaw\/viewform\"><strong>inscriu-te ara<\/strong><\/a>!<\/p>\n<p>&nbsp;<\/p>\n<p>Article extret de la web del servei educatiu eixample<\/p>\n","protected":false},"excerpt":{"rendered":"<p><a href=\"https:\/\/serveiseducatius.xtec.cat\/eixample\/general\/webinar\/\"><\/a>clica la imatge<br \/>\nEl proper 11 de maig de 17 a 18.30 hores\u00a0es dur\u00e0 a terme el webinar\u00a0\u201cMatem\u00e0tiques en el confinament per a educaci\u00f3 infantil\u201d, que far\u00e0l\u2019Eva Costafreda, mestra i i responsable de\u00a0<a href=\"http:\/\/www.meskmates.com\/\">+KMATES.\u00a0<\/a>Aquest taller \u00e9s una p\u00edndola formativa dissenyada per l\u2019etapa d\u2019infantil que t\u00e9&hellip;  <a href=\"https:\/\/serveiseducatius.xtec.cat\/altmaresme\/general\/webinar-matematiques-en-el-confinament-per-a-educacio-infantil\/\" title=\"Read Webinar \u201cMatem\u00e0tiques en el confinament per a educaci\u00f3 infantil\u201d\">Llegeix m\u00e9s\u00bb<\/a><\/p>\n","protected":false},"author":1,"featured_media":12601,"comment_status":"open","ping_status":"closed","sticky":false,"template":"","format":"standard","meta":{"_bbp_topic_count":0,"_bbp_reply_count":0,"_bbp_total_topic_count":0,"_bbp_total_reply_count":0,"_bbp_voice_count":0,"_bbp_anonymous_reply_count":0,"_bbp_topic_count_hidden":0,"_bbp_reply_count_hidden":0,"_bbp_forum_subforum_count":0,"footnotes":""},"categories":[1,29],"tags":[],"class_list":["post-12600","post","type-post","status-publish","format-standard","has-post-thumbnail","hentry","category-general","category-portada"],"post_mailing_queue_ids":[],"_links":{"self":[{"href":"https:\/\/serveiseducatius.xtec.cat\/altmaresme\/wp-json\/wp\/v2\/posts\/12600","targetHints":{"allow":["GET"]}}],"collection":[{"href":"https:\/\/serveiseducatius.xtec.cat\/altmaresme\/wp-json\/wp\/v2\/posts"}],"about":[{"href":"https:\/\/serveiseducatius.xtec.cat\/altmaresme\/wp-json\/wp\/v2\/types\/post"}],"author":[{"embeddable":true,"href":"https:\/\/serveiseducatius.xtec.cat\/altmaresme\/wp-json\/wp\/v2\/users\/1"}],"replies":[{"embeddable":true,"href":"https:\/\/serveiseducatius.xtec.cat\/altmaresme\/wp-json\/wp\/v2\/comments?post=12600"}],"version-history":[{"count":1,"href":"https:\/\/serveiseducatius.xtec.cat\/altmaresme\/wp-json\/wp\/v2\/posts\/12600\/revisions"}],"predecessor-version":[{"id":12602,"href":"https:\/\/serveiseducatius.xtec.cat\/altmaresme\/wp-json\/wp\/v2\/posts\/12600\/revisions\/12602"}],"wp:featuredmedia":[{"embeddable":true,"href":"https:\/\/serveiseducatius.xtec.cat\/altmaresme\/wp-json\/wp\/v2\/media\/12601"}],"wp:attachment":[{"href":"https:\/\/serveiseducatius.xtec.cat\/altmaresme\/wp-json\/wp\/v2\/media?parent=12600"}],"wp:term":[{"taxonomy":"category","embeddable":true,"href":"https:\/\/serveiseducatius.xtec.cat\/altmaresme\/wp-json\/wp\/v2\/categories?post=12600"},{"taxonomy":"post_tag","embeddable":true,"href":"https:\/\/serveiseducatius.xtec.cat\/altmaresme\/wp-json\/wp\/v2\/tags?post=12600"}],"curies":[{"name":"wp","href":"https:\/\/api.w.org\/{rel}","templated":true}]}}