{"id":12591,"date":"2020-05-01T01:55:35","date_gmt":"2020-04-30T23:55:35","guid":{"rendered":"http:\/\/serveiseducatius.xtec.cat\/altmaresme\/?p=12591"},"modified":"2020-05-01T01:56:19","modified_gmt":"2020-04-30T23:56:19","slug":"la-xii-jornada-de-programacio-i-robotica-educatives-se-celebrara-virtualment-el-proper-divendres-22-de-maig","status":"publish","type":"post","link":"https:\/\/serveiseducatius.xtec.cat\/altmaresme\/general\/la-xii-jornada-de-programacio-i-robotica-educatives-se-celebrara-virtualment-el-proper-divendres-22-de-maig\/","title":{"rendered":"La XII Jornada de Programaci\u00f3 i Rob\u00f2tica Educatives"},"content":{"rendered":"<p><img loading=\"lazy\" decoding=\"async\" class=\"aligncenter size-large wp-image-12592\" src=\"https:\/\/serveiseducatius.xtec.cat\/altmaresme\/wp-content\/uploads\/usu1140\/2020\/05\/Captura-de-pantalla-2020-05-01-a-las-1.47.55-1024x290.png\" alt=\"\" width=\"1024\" height=\"290\" srcset=\"https:\/\/serveiseducatius.xtec.cat\/altmaresme\/wp-content\/uploads\/usu1140\/2020\/05\/Captura-de-pantalla-2020-05-01-a-las-1.47.55-1024x290.png 1024w, https:\/\/serveiseducatius.xtec.cat\/altmaresme\/wp-content\/uploads\/usu1140\/2020\/05\/Captura-de-pantalla-2020-05-01-a-las-1.47.55-300x85.png 300w, https:\/\/serveiseducatius.xtec.cat\/altmaresme\/wp-content\/uploads\/usu1140\/2020\/05\/Captura-de-pantalla-2020-05-01-a-las-1.47.55-768x217.png 768w, https:\/\/serveiseducatius.xtec.cat\/altmaresme\/wp-content\/uploads\/usu1140\/2020\/05\/Captura-de-pantalla-2020-05-01-a-las-1.47.55.png 1992w\" sizes=\"auto, (max-width: 1024px) 100vw, 1024px\" \/><\/p>\n<p>El divendres, dia\u00a0<strong>22 de maig de 2020<\/strong>\u00a0se celebrar\u00e0 la\u00a0<strong>dotzena edici\u00f3<\/strong>\u00a0de la\u00a0<a href=\"https:\/\/blocs.xtec.cat\/jornadaprograma\/\"><strong>Jornada Programa<\/strong><\/a>, dedicada a l\u2019intercanvi d\u2019experi\u00e8ncies did\u00e0ctiques on s\u2019empren entorns de programaci\u00f3 i de rob\u00f2tica educatives.<\/p>\n<p>Aquest any, degut a les circumst\u00e0ncies actuals, ser\u00e0 una edici\u00f3\u00a0<strong>completament virtual<\/strong>\u00a0i amb un horari \u00fanicament de mat\u00ed, on totes les pon\u00e8ncies s\u2019emetran per streaming.<\/p>\n<p>Aquesta trobada est\u00e0 especialment adre\u00e7ada als docents de\u00a0prim\u00e0ria i de secund\u00e0ria interessats en l\u2019\u00fas de la programaci\u00f3 i la rob\u00f2tica en els seus entorns d\u2019aula, per\u00f2 tamb\u00e9 est\u00e0 oberta a altres professionals interessats en la tem\u00e0tica. Tanmateix, des de fa uns anys, tamb\u00e9 hi participen alumnes, acompanyats pels seus professors, en la mostra de treballs realitzats per l\u2019alumnat.<\/p>\n<p>La Jornada de programaci\u00f3 i rob\u00f2tica educatives es duu a terme, des de la seva primera edici\u00f3, emmarcada dins del Dia Internacional d\u2019Internet, el\u00a0<a href=\"https:\/\/day.scratch.mit.edu\/events\/11697\" target=\"_blank\" rel=\"noopener noreferrer\">Dia Internacional de l\u2019Scratch<\/a>\u00a0i, darrerament, la\u00a0<a href=\"https:\/\/codeweek.eu\/view\/287127\/xii-jornada-de-programacio-i-robotica-educatives-virtual%20target=\" rel=\"noopener noreferrer\">Europe Code Week<\/a>.<\/p>\n<p>Voleu compartir una experi\u00e8ncia educativa? Ompliu <a href=\"https:\/\/blocs.xtec.cat\/jornadaprograma\/presentacio-de-comunicacions\/\">aquest formulari<\/a> detallant la vostra proposta! El per\u00edode de presentaci\u00f3 de pon\u00e8ncies virtuals estar\u00e0 obert fins el 10 de maig!<\/p>\n<p>Aquesta jornada est\u00e0 organitzada per la\u00a0<a href=\"https:\/\/web.gencat.cat\/ca\/inici\/\">Generalitat de Catalunya<\/a>\u00a0i el\u00a0<a href=\"https:\/\/www.citilab.eu\/qui-som\/laboratori-ciutada\/\">Citilab<\/a>, comptant amb el suport de l\u2019<a href=\"http:\/\/www.cornella.cat\/\">Ajuntament de Cornell\u00e0 de Llobregat<\/a>\u00a0i l\u2019<a href=\"http:\/\/www.amb.cat\/s\/home.html\">\u00c0rea Metropolitana de Barcelona<\/a>.<\/p>\n","protected":false},"excerpt":{"rendered":"<p>El divendres, dia\u00a022 de maig de 2020\u00a0se celebrar\u00e0 la\u00a0dotzena edici\u00f3\u00a0de la\u00a0<a href=\"https:\/\/blocs.xtec.cat\/jornadaprograma\/\">Jornada Programa<\/a>, dedicada a l\u2019intercanvi d\u2019experi\u00e8ncies did\u00e0ctiques on s\u2019empren entorns de programaci\u00f3 i de rob\u00f2tica educatives.<br \/>\nAquest any, degut a les circumst\u00e0ncies actuals, ser\u00e0 una edici\u00f3\u00a0completament virtual\u00a0i amb un horari \u00fanicament de mat\u00ed, on totes&hellip;  <a href=\"https:\/\/serveiseducatius.xtec.cat\/altmaresme\/general\/la-xii-jornada-de-programacio-i-robotica-educatives-se-celebrara-virtualment-el-proper-divendres-22-de-maig\/\" title=\"Read La XII Jornada de Programaci\u00f3 i Rob\u00f2tica Educatives\">Llegeix m\u00e9s\u00bb<\/a><\/p>\n","protected":false},"author":1,"featured_media":12592,"comment_status":"open","ping_status":"closed","sticky":false,"template":"","format":"standard","meta":{"_bbp_topic_count":0,"_bbp_reply_count":0,"_bbp_total_topic_count":0,"_bbp_total_reply_count":0,"_bbp_voice_count":0,"_bbp_anonymous_reply_count":0,"_bbp_topic_count_hidden":0,"_bbp_reply_count_hidden":0,"_bbp_forum_subforum_count":0,"footnotes":""},"categories":[1,29],"tags":[],"class_list":["post-12591","post","type-post","status-publish","format-standard","has-post-thumbnail","hentry","category-general","category-portada"],"post_mailing_queue_ids":[],"_links":{"self":[{"href":"https:\/\/serveiseducatius.xtec.cat\/altmaresme\/wp-json\/wp\/v2\/posts\/12591","targetHints":{"allow":["GET"]}}],"collection":[{"href":"https:\/\/serveiseducatius.xtec.cat\/altmaresme\/wp-json\/wp\/v2\/posts"}],"about":[{"href":"https:\/\/serveiseducatius.xtec.cat\/altmaresme\/wp-json\/wp\/v2\/types\/post"}],"author":[{"embeddable":true,"href":"https:\/\/serveiseducatius.xtec.cat\/altmaresme\/wp-json\/wp\/v2\/users\/1"}],"replies":[{"embeddable":true,"href":"https:\/\/serveiseducatius.xtec.cat\/altmaresme\/wp-json\/wp\/v2\/comments?post=12591"}],"version-history":[{"count":2,"href":"https:\/\/serveiseducatius.xtec.cat\/altmaresme\/wp-json\/wp\/v2\/posts\/12591\/revisions"}],"predecessor-version":[{"id":12594,"href":"https:\/\/serveiseducatius.xtec.cat\/altmaresme\/wp-json\/wp\/v2\/posts\/12591\/revisions\/12594"}],"wp:featuredmedia":[{"embeddable":true,"href":"https:\/\/serveiseducatius.xtec.cat\/altmaresme\/wp-json\/wp\/v2\/media\/12592"}],"wp:attachment":[{"href":"https:\/\/serveiseducatius.xtec.cat\/altmaresme\/wp-json\/wp\/v2\/media?parent=12591"}],"wp:term":[{"taxonomy":"category","embeddable":true,"href":"https:\/\/serveiseducatius.xtec.cat\/altmaresme\/wp-json\/wp\/v2\/categories?post=12591"},{"taxonomy":"post_tag","embeddable":true,"href":"https:\/\/serveiseducatius.xtec.cat\/altmaresme\/wp-json\/wp\/v2\/tags?post=12591"}],"curies":[{"name":"wp","href":"https:\/\/api.w.org\/{rel}","templated":true}]}}