{"id":12565,"date":"2020-04-29T12:30:16","date_gmt":"2020-04-29T10:30:16","guid":{"rendered":"http:\/\/serveiseducatius.xtec.cat\/altmaresme\/?p=12565"},"modified":"2020-04-29T12:30:16","modified_gmt":"2020-04-29T10:30:16","slug":"firacampusvirtual-substituira-el-salo-de-lensenyament-i-el-futura","status":"publish","type":"post","link":"https:\/\/serveiseducatius.xtec.cat\/altmaresme\/general\/firacampusvirtual-substituira-el-salo-de-lensenyament-i-el-futura\/","title":{"rendered":"FiraCampusVirtual substituir\u00e0 el Sal\u00f3 de l\u2019Ensenyament i el Futura"},"content":{"rendered":"<p><img loading=\"lazy\" decoding=\"async\" class=\"aligncenter size-full wp-image-12567\" src=\"https:\/\/serveiseducatius.xtec.cat\/altmaresme\/wp-content\/uploads\/usu1140\/2020\/04\/Captura-de-pantalla-2020-04-29-a-las-12.29.06.png\" alt=\"\" width=\"282\" height=\"158\" \/><\/p>\n<p>Fira de Barcelona organitzar\u00e0\u00a0<strong>FiraCampusVirtual del 20 al 24 de maig<\/strong>\u00a0per orientar els estudiants a triar el futur professional amb l\u2019oferta de batxillerat, graus universitaris, estudis superiors i art\u00edstics, formaci\u00f3 professional i m\u00e0sters i postgraus.<\/p>\n<p>Per m\u00e9s informaci\u00f3 clica aqu\u00ed:<\/p>\n<h1 class=\"post-title\" style=\"text-align: center;\"><a href=\"https:\/\/beteve.cat\/economia\/firacampusvirtual-substitueix-salo-ensenyament-maig-2020\/\">FiraCampusVirtual<\/a><\/h1>\n","protected":false},"excerpt":{"rendered":"<p>Fira de Barcelona organitzar\u00e0\u00a0FiraCampusVirtual del 20 al 24 de maig\u00a0per orientar els estudiants a triar el futur professional amb l\u2019oferta de batxillerat, graus universitaris, estudis superiors i art\u00edstics, formaci\u00f3 professional i m\u00e0sters i postgraus.<br \/>\nPer m\u00e9s informaci\u00f3 clica aqu\u00ed:<br \/>\n<a href=\"https:\/\/beteve.cat\/economia\/firacampusvirtual-substitueix-salo-ensenyament-maig-2020\/\">FiraCampusVirtual<\/a><\/p>\n","protected":false},"author":1,"featured_media":12567,"comment_status":"open","ping_status":"closed","sticky":false,"template":"","format":"standard","meta":{"_bbp_topic_count":0,"_bbp_reply_count":0,"_bbp_total_topic_count":0,"_bbp_total_reply_count":0,"_bbp_voice_count":0,"_bbp_anonymous_reply_count":0,"_bbp_topic_count_hidden":0,"_bbp_reply_count_hidden":0,"_bbp_forum_subforum_count":0,"footnotes":""},"categories":[1,29],"tags":[],"class_list":["post-12565","post","type-post","status-publish","format-standard","has-post-thumbnail","hentry","category-general","category-portada"],"post_mailing_queue_ids":[],"_links":{"self":[{"href":"https:\/\/serveiseducatius.xtec.cat\/altmaresme\/wp-json\/wp\/v2\/posts\/12565","targetHints":{"allow":["GET"]}}],"collection":[{"href":"https:\/\/serveiseducatius.xtec.cat\/altmaresme\/wp-json\/wp\/v2\/posts"}],"about":[{"href":"https:\/\/serveiseducatius.xtec.cat\/altmaresme\/wp-json\/wp\/v2\/types\/post"}],"author":[{"embeddable":true,"href":"https:\/\/serveiseducatius.xtec.cat\/altmaresme\/wp-json\/wp\/v2\/users\/1"}],"replies":[{"embeddable":true,"href":"https:\/\/serveiseducatius.xtec.cat\/altmaresme\/wp-json\/wp\/v2\/comments?post=12565"}],"version-history":[{"count":2,"href":"https:\/\/serveiseducatius.xtec.cat\/altmaresme\/wp-json\/wp\/v2\/posts\/12565\/revisions"}],"predecessor-version":[{"id":12568,"href":"https:\/\/serveiseducatius.xtec.cat\/altmaresme\/wp-json\/wp\/v2\/posts\/12565\/revisions\/12568"}],"wp:featuredmedia":[{"embeddable":true,"href":"https:\/\/serveiseducatius.xtec.cat\/altmaresme\/wp-json\/wp\/v2\/media\/12567"}],"wp:attachment":[{"href":"https:\/\/serveiseducatius.xtec.cat\/altmaresme\/wp-json\/wp\/v2\/media?parent=12565"}],"wp:term":[{"taxonomy":"category","embeddable":true,"href":"https:\/\/serveiseducatius.xtec.cat\/altmaresme\/wp-json\/wp\/v2\/categories?post=12565"},{"taxonomy":"post_tag","embeddable":true,"href":"https:\/\/serveiseducatius.xtec.cat\/altmaresme\/wp-json\/wp\/v2\/tags?post=12565"}],"curies":[{"name":"wp","href":"https:\/\/api.w.org\/{rel}","templated":true}]}}