{"id":12442,"date":"2020-04-22T05:31:59","date_gmt":"2020-04-22T03:31:59","guid":{"rendered":"http:\/\/serveiseducatius.xtec.cat\/altmaresme\/?p=12442"},"modified":"2020-04-22T05:31:59","modified_gmt":"2020-04-22T03:31:59","slug":"vuitena-edicio-del-concurs-de-microrelats-del-cnl-del-maresme","status":"publish","type":"post","link":"https:\/\/serveiseducatius.xtec.cat\/altmaresme\/general\/vuitena-edicio-del-concurs-de-microrelats-del-cnl-del-maresme\/","title":{"rendered":"Vuitena edici\u00f3 del concurs de microrelats del CNL del Maresme"},"content":{"rendered":"<p>Pe<span style=\"color: #000000;\">r\u00a0<b><\/b>vuit\u00e8<\/span><span style=\"color: #ffffff;\">v<\/span>any consecutiu, el <a href=\"https:\/\/www.cpnl.cat\/xarxa\/cnlmaresme\/\">CNL del Maresme<\/a> posa en marxa\u00a0el\u00a0concurs de microrelats amb una tem\u00e0tica relacionada amb la comarca.\u00a0El tema d&#8217;enguany \u00e9s\u00a0<b>Colors<\/b>\u00a0<b>del Maresme.\u00a0<\/b><\/p>\n<p><img loading=\"lazy\" decoding=\"async\" class=\"aligncenter  wp-image-12443\" src=\"https:\/\/serveiseducatius.xtec.cat\/altmaresme\/wp-content\/uploads\/usu1140\/2020\/04\/Captura-de-pantalla-2020-04-22-a-las-5.25.26.png\" alt=\"\" width=\"335\" height=\"337\" srcset=\"https:\/\/serveiseducatius.xtec.cat\/altmaresme\/wp-content\/uploads\/usu1140\/2020\/04\/Captura-de-pantalla-2020-04-22-a-las-5.25.26.png 802w, https:\/\/serveiseducatius.xtec.cat\/altmaresme\/wp-content\/uploads\/usu1140\/2020\/04\/Captura-de-pantalla-2020-04-22-a-las-5.25.26-150x150.png 150w, https:\/\/serveiseducatius.xtec.cat\/altmaresme\/wp-content\/uploads\/usu1140\/2020\/04\/Captura-de-pantalla-2020-04-22-a-las-5.25.26-768x772.png 768w\" sizes=\"auto, (max-width: 335px) 100vw, 335px\" \/><\/p>\n<p>El microrelat ha de fer refer\u00e8ncia a<span lang=\"ca-ES\">\u00a0<\/span><span lang=\"ca-ES\">un color<\/span><span lang=\"ca-ES\">\u00a0o colors caracter\u00edstics del Maresme,<\/span><span lang=\"ca-ES\">\u00a0<\/span><span lang=\"ca-ES\">a una tonalitat genu\u00efna de la comarca, a un mat\u00eds maresmenc<\/span>&#8230;\u00a0El per\u00edode de participaci\u00f3 \u00e9s del\u00a0<b>23 d&#8217;abril al 31 de maig<\/b>, ambd\u00f3s inclosos.<\/p>\n<p>Ha d&#8217;incloure l&#8217;etiqueta\u00a0<b>#colorsmaresme<\/b>, que pot estar integrada al text. El microrelat que es publiqui a Twitter no pot tenir m\u00e9s de 280 car\u00e0cters, i el de Facebook, com a m\u00e0xim, ha de ser de 50 paraules.<\/p>\n<p>S&#8217;hi pot participar a trav\u00e9s dels comptes de Twitter o Facebook del CNL del Maresme o del Voluntariat per la llengua Maresme.<\/p>\n<p>Un any m\u00e9s comptem amb la col\u00b7laboraci\u00f3 del Consorci de Promoci\u00f3 Tur\u00edstica &#8211; Costa del Maresme, de Cultura Matar\u00f3 i de les Biblioteques de Matar\u00f3.<\/p>\n<div>\n<p>Per m\u00e9s informaci\u00f3 clica aqu\u00ed: <a href=\"https:\/\/www.cpnl.cat\/xarxa\/cnlmaresme\/concurs-de-microrelats\/\">concurs microrelats<\/a><\/p>\n<\/div>\n","protected":false},"excerpt":{"rendered":"<p>Per\u00a0vuit\u00e8vany consecutiu, el <a href=\"https:\/\/www.cpnl.cat\/xarxa\/cnlmaresme\/\">CNL del Maresme<\/a> posa en marxa\u00a0el\u00a0concurs de microrelats amb una tem\u00e0tica relacionada amb la comarca.\u00a0El tema d&#8217;enguany \u00e9s\u00a0Colors\u00a0del Maresme.\u00a0<\/p>\n<p>El microrelat ha de fer refer\u00e8ncia a\u00a0un color\u00a0o colors caracter\u00edstics del Maresme,\u00a0a una tonalitat genu\u00efna de la comarca, a un mat\u00eds maresmenc&#8230;\u00a0El per\u00edode&hellip;  <a href=\"https:\/\/serveiseducatius.xtec.cat\/altmaresme\/general\/vuitena-edicio-del-concurs-de-microrelats-del-cnl-del-maresme\/\" title=\"Read Vuitena edici\u00f3 del concurs de microrelats del CNL del Maresme\">Llegeix m\u00e9s\u00bb<\/a><\/p>\n","protected":false},"author":1,"featured_media":12443,"comment_status":"open","ping_status":"closed","sticky":false,"template":"","format":"standard","meta":{"_bbp_topic_count":0,"_bbp_reply_count":0,"_bbp_total_topic_count":0,"_bbp_total_reply_count":0,"_bbp_voice_count":0,"_bbp_anonymous_reply_count":0,"_bbp_topic_count_hidden":0,"_bbp_reply_count_hidden":0,"_bbp_forum_subforum_count":0,"footnotes":""},"categories":[1,29],"tags":[],"class_list":["post-12442","post","type-post","status-publish","format-standard","has-post-thumbnail","hentry","category-general","category-portada"],"post_mailing_queue_ids":[],"_links":{"self":[{"href":"https:\/\/serveiseducatius.xtec.cat\/altmaresme\/wp-json\/wp\/v2\/posts\/12442","targetHints":{"allow":["GET"]}}],"collection":[{"href":"https:\/\/serveiseducatius.xtec.cat\/altmaresme\/wp-json\/wp\/v2\/posts"}],"about":[{"href":"https:\/\/serveiseducatius.xtec.cat\/altmaresme\/wp-json\/wp\/v2\/types\/post"}],"author":[{"embeddable":true,"href":"https:\/\/serveiseducatius.xtec.cat\/altmaresme\/wp-json\/wp\/v2\/users\/1"}],"replies":[{"embeddable":true,"href":"https:\/\/serveiseducatius.xtec.cat\/altmaresme\/wp-json\/wp\/v2\/comments?post=12442"}],"version-history":[{"count":1,"href":"https:\/\/serveiseducatius.xtec.cat\/altmaresme\/wp-json\/wp\/v2\/posts\/12442\/revisions"}],"predecessor-version":[{"id":12444,"href":"https:\/\/serveiseducatius.xtec.cat\/altmaresme\/wp-json\/wp\/v2\/posts\/12442\/revisions\/12444"}],"wp:featuredmedia":[{"embeddable":true,"href":"https:\/\/serveiseducatius.xtec.cat\/altmaresme\/wp-json\/wp\/v2\/media\/12443"}],"wp:attachment":[{"href":"https:\/\/serveiseducatius.xtec.cat\/altmaresme\/wp-json\/wp\/v2\/media?parent=12442"}],"wp:term":[{"taxonomy":"category","embeddable":true,"href":"https:\/\/serveiseducatius.xtec.cat\/altmaresme\/wp-json\/wp\/v2\/categories?post=12442"},{"taxonomy":"post_tag","embeddable":true,"href":"https:\/\/serveiseducatius.xtec.cat\/altmaresme\/wp-json\/wp\/v2\/tags?post=12442"}],"curies":[{"name":"wp","href":"https:\/\/api.w.org\/{rel}","templated":true}]}}