{"id":12412,"date":"2020-04-21T09:47:38","date_gmt":"2020-04-21T07:47:38","guid":{"rendered":"http:\/\/serveiseducatius.xtec.cat\/altmaresme\/?p=12412"},"modified":"2021-01-10T23:31:13","modified_gmt":"2021-01-10T22:31:13","slug":"literatura-infantil-i-juvenil-lgtbi","status":"publish","type":"post","link":"https:\/\/serveiseducatius.xtec.cat\/altmaresme\/general\/literatura-infantil-i-juvenil-lgtbi\/","title":{"rendered":"Literatura infantil i juvenil LGTBI"},"content":{"rendered":"<p class=\"subtitle x13\">La pres\u00e8ncia de personatges que responguin a la diversitat sexual de la nostra societat encara \u00e9s anecd\u00f2tica a la literatura infantil i juvenil.<\/p>\n<p>Feu un exercici. Entreu en una llibreria generalista i dirigiu-vos a la secci\u00f3 de literatura infantil i juvenil. Intenteu buscar una hist\u00f2ria amb una protagonista lesbiana. La trobeu f\u00e0cilment? O amb un protagonista transsexual? O intersexual? Probablement en trobareu algun llibre, s\u00ed, per\u00f2 veureu que la majoria d\u2019hist\u00f2ries encara estan protagonitzades per personatges heterosexuals. Per\u00f2&#8230; i\u00a0<strong class=\"mce\">la diversitat sexual? Est\u00e0 prou representada en la literatura?<\/strong><\/p>\n<p style=\"text-align: center;\">clica la imatge<a href=\"https:\/\/criatures.ara.cat\/lectura\/literatura-infantil-i-juvenil-lgtbi_0_2437556226.html\"><img loading=\"lazy\" decoding=\"async\" class=\"aligncenter  wp-image-12413\" src=\"https:\/\/serveiseducatius.xtec.cat\/altmaresme\/wp-content\/uploads\/usu1140\/2020\/04\/Captura-de-pantalla-2020-04-21-a-las-9.44.59.png\" alt=\"\" width=\"485\" height=\"469\" srcset=\"https:\/\/serveiseducatius.xtec.cat\/altmaresme\/wp-content\/uploads\/usu1140\/2020\/04\/Captura-de-pantalla-2020-04-21-a-las-9.44.59.png 668w, https:\/\/serveiseducatius.xtec.cat\/altmaresme\/wp-content\/uploads\/usu1140\/2020\/04\/Captura-de-pantalla-2020-04-21-a-las-9.44.59-300x290.png 300w\" sizes=\"auto, (max-width: 485px) 100vw, 485px\" \/><\/a><\/p>\n","protected":false},"excerpt":{"rendered":"<p>La pres\u00e8ncia de personatges que responguin a la diversitat sexual de la nostra societat encara \u00e9s anecd\u00f2tica a la literatura infantil i juvenil.<br \/>\nFeu un exercici. Entreu en una llibreria generalista i dirigiu-vos a la secci\u00f3 de literatura infantil i juvenil. Intenteu buscar una hist\u00f2ria amb&hellip;  <a href=\"https:\/\/serveiseducatius.xtec.cat\/altmaresme\/general\/literatura-infantil-i-juvenil-lgtbi\/\" title=\"Read Literatura infantil i juvenil LGTBI\">Llegeix m\u00e9s\u00bb<\/a><\/p>\n","protected":false},"author":1,"featured_media":12413,"comment_status":"open","ping_status":"closed","sticky":false,"template":"","format":"standard","meta":{"_bbp_topic_count":0,"_bbp_reply_count":0,"_bbp_total_topic_count":0,"_bbp_total_reply_count":0,"_bbp_voice_count":0,"_bbp_anonymous_reply_count":0,"_bbp_topic_count_hidden":0,"_bbp_reply_count_hidden":0,"_bbp_forum_subforum_count":0,"footnotes":""},"categories":[285,1,29],"tags":[],"class_list":["post-12412","post","type-post","status-publish","format-standard","has-post-thumbnail","hentry","category-dua","category-general","category-portada"],"post_mailing_queue_ids":[],"_links":{"self":[{"href":"https:\/\/serveiseducatius.xtec.cat\/altmaresme\/wp-json\/wp\/v2\/posts\/12412","targetHints":{"allow":["GET"]}}],"collection":[{"href":"https:\/\/serveiseducatius.xtec.cat\/altmaresme\/wp-json\/wp\/v2\/posts"}],"about":[{"href":"https:\/\/serveiseducatius.xtec.cat\/altmaresme\/wp-json\/wp\/v2\/types\/post"}],"author":[{"embeddable":true,"href":"https:\/\/serveiseducatius.xtec.cat\/altmaresme\/wp-json\/wp\/v2\/users\/1"}],"replies":[{"embeddable":true,"href":"https:\/\/serveiseducatius.xtec.cat\/altmaresme\/wp-json\/wp\/v2\/comments?post=12412"}],"version-history":[{"count":1,"href":"https:\/\/serveiseducatius.xtec.cat\/altmaresme\/wp-json\/wp\/v2\/posts\/12412\/revisions"}],"predecessor-version":[{"id":12414,"href":"https:\/\/serveiseducatius.xtec.cat\/altmaresme\/wp-json\/wp\/v2\/posts\/12412\/revisions\/12414"}],"wp:featuredmedia":[{"embeddable":true,"href":"https:\/\/serveiseducatius.xtec.cat\/altmaresme\/wp-json\/wp\/v2\/media\/12413"}],"wp:attachment":[{"href":"https:\/\/serveiseducatius.xtec.cat\/altmaresme\/wp-json\/wp\/v2\/media?parent=12412"}],"wp:term":[{"taxonomy":"category","embeddable":true,"href":"https:\/\/serveiseducatius.xtec.cat\/altmaresme\/wp-json\/wp\/v2\/categories?post=12412"},{"taxonomy":"post_tag","embeddable":true,"href":"https:\/\/serveiseducatius.xtec.cat\/altmaresme\/wp-json\/wp\/v2\/tags?post=12412"}],"curies":[{"name":"wp","href":"https:\/\/api.w.org\/{rel}","templated":true}]}}