{"id":12342,"date":"2020-04-16T19:14:42","date_gmt":"2020-04-16T17:14:42","guid":{"rendered":"http:\/\/serveiseducatius.xtec.cat\/altmaresme\/?p=12342"},"modified":"2021-01-10T23:31:14","modified_gmt":"2021-01-10T22:31:14","slug":"recull-de-recomanacions-per-a-les-families-per-a-latencio-a-lalumnat-amb-dificultats-de-regulacio-de-la-conducta-durant-el-confinament-recomancions-fetes-per-el-cretdic","status":"publish","type":"post","link":"https:\/\/serveiseducatius.xtec.cat\/altmaresme\/general\/recull-de-recomanacions-per-a-les-families-per-a-latencio-a-lalumnat-amb-dificultats-de-regulacio-de-la-conducta-durant-el-confinament-recomancions-fetes-per-el-cretdic\/","title":{"rendered":"Recull de recomanacions per a les fam\u00edlies per a l\u2019atenci\u00f3 a l\u2019alumnat amb dificultats de regulaci\u00f3 de la conducta durant el confinament. Recomancions fetes per el CRETDIC"},"content":{"rendered":"<p>Aquest document elaborat pel CRETDIC va dirigit a les fam\u00edlies que tenen infants ijoves amb dificultats de regulaci\u00f3 de la conducta per tal de facilitar l\u2019atenci\u00f3 i la comprensi\u00f3 dels seus fills durant el per\u00edode de confinament.<\/p>\n<p><img loading=\"lazy\" decoding=\"async\" class=\"aligncenter  wp-image-12343\" src=\"https:\/\/serveiseducatius.xtec.cat\/altmaresme\/wp-content\/uploads\/usu1140\/2020\/04\/Captura-de-pantalla-2020-04-16-a-las-19.09.40-1.png\" alt=\"\" width=\"430\" height=\"220\" srcset=\"https:\/\/serveiseducatius.xtec.cat\/altmaresme\/wp-content\/uploads\/usu1140\/2020\/04\/Captura-de-pantalla-2020-04-16-a-las-19.09.40-1.png 634w, https:\/\/serveiseducatius.xtec.cat\/altmaresme\/wp-content\/uploads\/usu1140\/2020\/04\/Captura-de-pantalla-2020-04-16-a-las-19.09.40-1-300x153.png 300w\" sizes=\"auto, (max-width: 430px) 100vw, 430px\" \/><\/p>\n<p><a href=\"https:\/\/drive.google.com\/file\/d\/1KlAeIxV7SvAkC3Fjp2Ko9gKv57eWlty2\/view?usp=sharing\">Recull de recomanacions<\/a><\/p>\n","protected":false},"excerpt":{"rendered":"<p>Aquest document elaborat pel CRETDIC va dirigit a les fam\u00edlies que tenen infants ijoves amb dificultats de regulaci\u00f3 de la conducta per tal de facilitar l\u2019atenci\u00f3 i la comprensi\u00f3 dels seus fills durant el per\u00edode de confinament.<\/p>\n<p><a href=\"https:\/\/drive.google.com\/file\/d\/1KlAeIxV7SvAkC3Fjp2Ko9gKv57eWlty2\/view?usp=sharing\">Recull de recomanacions<\/a><\/p>\n","protected":false},"author":1,"featured_media":12340,"comment_status":"open","ping_status":"closed","sticky":false,"template":"","format":"standard","meta":{"_bbp_topic_count":0,"_bbp_reply_count":0,"_bbp_total_topic_count":0,"_bbp_total_reply_count":0,"_bbp_voice_count":0,"_bbp_anonymous_reply_count":0,"_bbp_topic_count_hidden":0,"_bbp_reply_count_hidden":0,"_bbp_forum_subforum_count":0,"footnotes":""},"categories":[285,1,29],"tags":[],"class_list":["post-12342","post","type-post","status-publish","format-standard","has-post-thumbnail","hentry","category-dua","category-general","category-portada"],"post_mailing_queue_ids":[],"_links":{"self":[{"href":"https:\/\/serveiseducatius.xtec.cat\/altmaresme\/wp-json\/wp\/v2\/posts\/12342","targetHints":{"allow":["GET"]}}],"collection":[{"href":"https:\/\/serveiseducatius.xtec.cat\/altmaresme\/wp-json\/wp\/v2\/posts"}],"about":[{"href":"https:\/\/serveiseducatius.xtec.cat\/altmaresme\/wp-json\/wp\/v2\/types\/post"}],"author":[{"embeddable":true,"href":"https:\/\/serveiseducatius.xtec.cat\/altmaresme\/wp-json\/wp\/v2\/users\/1"}],"replies":[{"embeddable":true,"href":"https:\/\/serveiseducatius.xtec.cat\/altmaresme\/wp-json\/wp\/v2\/comments?post=12342"}],"version-history":[{"count":1,"href":"https:\/\/serveiseducatius.xtec.cat\/altmaresme\/wp-json\/wp\/v2\/posts\/12342\/revisions"}],"predecessor-version":[{"id":12344,"href":"https:\/\/serveiseducatius.xtec.cat\/altmaresme\/wp-json\/wp\/v2\/posts\/12342\/revisions\/12344"}],"wp:featuredmedia":[{"embeddable":true,"href":"https:\/\/serveiseducatius.xtec.cat\/altmaresme\/wp-json\/wp\/v2\/media\/12340"}],"wp:attachment":[{"href":"https:\/\/serveiseducatius.xtec.cat\/altmaresme\/wp-json\/wp\/v2\/media?parent=12342"}],"wp:term":[{"taxonomy":"category","embeddable":true,"href":"https:\/\/serveiseducatius.xtec.cat\/altmaresme\/wp-json\/wp\/v2\/categories?post=12342"},{"taxonomy":"post_tag","embeddable":true,"href":"https:\/\/serveiseducatius.xtec.cat\/altmaresme\/wp-json\/wp\/v2\/tags?post=12342"}],"curies":[{"name":"wp","href":"https:\/\/api.w.org\/{rel}","templated":true}]}}