{"id":12331,"date":"2020-04-16T18:39:19","date_gmt":"2020-04-16T16:39:19","guid":{"rendered":"http:\/\/serveiseducatius.xtec.cat\/altmaresme\/?p=12331"},"modified":"2020-04-16T18:39:19","modified_gmt":"2020-04-16T16:39:19","slug":"dona-la-nota-encara-hi-som-a-temps","status":"publish","type":"post","link":"https:\/\/serveiseducatius.xtec.cat\/altmaresme\/general\/dona-la-nota-encara-hi-som-a-temps\/","title":{"rendered":"DONA LA NOTA, encara hi som a temps"},"content":{"rendered":"<p>Iniciativa que pret\u00e9n que nens i nenes, nois i noies dels centres educatius de Catalunya prenguin consci\u00e8ncia sobre el moment que vivim d\u2019emerg\u00e8ncia clim\u00e0tica i ambiental, i participin de forma activa en el seu entorn m\u00e9s proper.<\/p>\n<p style=\"text-align: center;\">clica la imatge<a href=\"https:\/\/projectes.xtec.cat\/encara-hi-som-a-temps\/\"><img loading=\"lazy\" decoding=\"async\" class=\"aligncenter size-full wp-image-12333\" src=\"https:\/\/serveiseducatius.xtec.cat\/altmaresme\/wp-content\/uploads\/usu1140\/2020\/04\/Captura-de-pantalla-2020-04-16-a-las-18.37.03.png\" alt=\"\" width=\"396\" height=\"306\" srcset=\"https:\/\/serveiseducatius.xtec.cat\/altmaresme\/wp-content\/uploads\/usu1140\/2020\/04\/Captura-de-pantalla-2020-04-16-a-las-18.37.03.png 396w, https:\/\/serveiseducatius.xtec.cat\/altmaresme\/wp-content\/uploads\/usu1140\/2020\/04\/Captura-de-pantalla-2020-04-16-a-las-18.37.03-300x232.png 300w\" sizes=\"auto, (max-width: 396px) 100vw, 396px\" \/><\/a><\/p>\n<p style=\"font-weight: 400;\">Proposem que els centres que ho desitgin puguin participar en els REPTES de la seg\u00fcent manera:<\/p>\n<p style=\"font-weight: 400;\"><strong>FORMAT PARTICIPACI\u00d3 PER ALS CENTRES:<\/strong><\/p>\n<p style=\"font-weight: 400;\">Us convidem a continuar participant, i que ho feu amb el seg\u00fcent\u00a0<a href=\"https:\/\/projectes.xtec.cat\/encara-hi-som-a-temps\/reptes\/repte-2\/\" data-saferedirecturl=\"https:\/\/www.google.com\/url?q=https:\/\/projectes.xtec.cat\/encara-hi-som-a-temps\/reptes\/repte-2\/&amp;source=gmail&amp;ust=1587053309850000&amp;usg=AFQjCNEjBvAENapNkn6ZPCpbGGo1MAV5dg\">\u00a0Repte<\/a>\u00a0que us proposem.<\/p>\n<p style=\"font-weight: 400;\">Ens agradaria continuar comptant amb la vostra participaci\u00f3, malgrat la situaci\u00f3 actual i que sigui una tasca que vosaltres dinamitzeu amb les vostres fam\u00edlies.<\/p>\n<p style=\"font-weight: 400;\">Aix\u00ed doncs, aquests nous reptes que us plantegem poden ser tasques a fer des de casa i poden venir acompanyades de fotos, petits v\u00eddeos,&#8230;<\/p>\n<h5>Recordeu que si ho recolliu en els vostres nodes amb l&#8217;etiqueta\u00a0\u00a0#donalanota2020 #encarahisomatemps\u00a0es podr\u00e0 visualitzar des del\u00a0<a href=\"https:\/\/projectes.xtec.cat\/encara-hi-som-a-temps\/\" data-saferedirecturl=\"https:\/\/www.google.com\/url?q=https:\/\/projectes.xtec.cat\/encara-hi-som-a-temps\/&amp;source=gmail&amp;ust=1587053309850000&amp;usg=AFQjCNGygn3275L0L8vUl-PEaT37ospXUw\">Web<\/a>\u00a0DONA LA NOT<\/h5>\n<p style=\"font-weight: 400;\">\n<p style=\"font-weight: 400;\"><strong>FORMAT PARTICIPACI\u00d3 LLIURE I INDIVIDUAL DES DE CASA CENTRES:<\/strong><\/p>\n<p style=\"font-weight: 400;\">Volem destacar que \u00e9s molt important dedicar temps a la fam\u00edlia, als amics altres que tenim ben apropet de nosaltres.<\/p>\n<p style=\"font-weight: 400;\">Ara et demanem que et desconectis durant petites estones i ens expliqueu quines accions, activitats, manualitats, receptes de cuina i altres activitats que millorin el medi ambient has estat fent en aquelles estones que no has EST\u00c0S CONNECTAT O CONNECTADA a les xarxes, contribuint tamb\u00e9 aix\u00ed a un estalvi energ\u00e8tic al planeta.<\/p>\n<p style=\"font-weight: 400;\">Esperem que h\u00e0giu fet un munt de coses!!<\/p>\n<p style=\"font-weight: 400;\">Ens podeu fer arribar l&#8217;enlla\u00e7 de les vostres fotograf\u00edes, v\u00eddeos, instagram, facebook, twitter i publicacions\u2026 al seg\u00fcent<a href=\"https:\/\/docs.google.com\/forms\/d\/e\/1FAIpQLSdsPtMQrPPFPbIow2ofp7zldP3KrEXqU_khDB--Kr56HEYBYA\/viewform?usp=sf_link\" data-saferedirecturl=\"https:\/\/www.google.com\/url?q=https:\/\/docs.google.com\/forms\/d\/e\/1FAIpQLSdsPtMQrPPFPbIow2ofp7zldP3KrEXqU_khDB--Kr56HEYBYA\/viewform?usp%3Dsf_link&amp;source=gmail&amp;ust=1587053309850000&amp;usg=AFQjCNENshdn-JBN5I-6K8LuYClU6brdjQ\">\u00a0formulari.\u00a0<\/a><\/p>\n<p style=\"font-weight: 400;\">No us oblideu d&#8217;afegir @donalanota #encarahisomatemps #donalanota2020 #donalanotadesdecasa<\/p>\n<p>Us compartim la iniciativa de l&#8217;<a href=\"https:\/\/blocs.xtec.cat\/femmusica\/2020\/04\/15\/no-ens-desdibuixeu-femmusicaacasa-2\/\">escola Sagrada Fam\u00edlia<\/a>, de Caldes d&#8217;Estrac que han portat a terme amb un grup d&#8217;alumnes de 2n de prim\u00e0ria. Gr\u00e0cies Iria, Lua, Sofia, Axel, Nina, Nora, Alice, \u00c8ric i Olivi.<\/p>\n<p style=\"text-align: center;\">clica la imatge<a href=\"https:\/\/www.youtube.com\/watch?time_continue=12&amp;v=kXVyflO3Nf8&amp;feature=emb_logo\"><img loading=\"lazy\" decoding=\"async\" class=\"aligncenter  wp-image-12332\" src=\"https:\/\/serveiseducatius.xtec.cat\/altmaresme\/wp-content\/uploads\/usu1140\/2020\/04\/Captura-de-pantalla-2020-04-16-a-las-18.34.38-1024x587.png\" alt=\"\" width=\"523\" height=\"300\" srcset=\"https:\/\/serveiseducatius.xtec.cat\/altmaresme\/wp-content\/uploads\/usu1140\/2020\/04\/Captura-de-pantalla-2020-04-16-a-las-18.34.38-1024x587.png 1024w, https:\/\/serveiseducatius.xtec.cat\/altmaresme\/wp-content\/uploads\/usu1140\/2020\/04\/Captura-de-pantalla-2020-04-16-a-las-18.34.38-300x172.png 300w, https:\/\/serveiseducatius.xtec.cat\/altmaresme\/wp-content\/uploads\/usu1140\/2020\/04\/Captura-de-pantalla-2020-04-16-a-las-18.34.38-768x440.png 768w, https:\/\/serveiseducatius.xtec.cat\/altmaresme\/wp-content\/uploads\/usu1140\/2020\/04\/Captura-de-pantalla-2020-04-16-a-las-18.34.38.png 1124w\" sizes=\"auto, (max-width: 523px) 100vw, 523px\" \/><\/a><\/p>\n","protected":false},"excerpt":{"rendered":"<p>Iniciativa que pret\u00e9n que nens i nenes, nois i noies dels centres educatius de Catalunya prenguin consci\u00e8ncia sobre el moment que vivim d\u2019emerg\u00e8ncia clim\u00e0tica i ambiental, i participin de forma activa en el seu entorn m\u00e9s proper.<br \/>\nclica la imatge<a href=\"https:\/\/projectes.xtec.cat\/encara-hi-som-a-temps\/\"><\/a><br \/>\nProposem que els centres que ho&hellip;  <a href=\"https:\/\/serveiseducatius.xtec.cat\/altmaresme\/general\/dona-la-nota-encara-hi-som-a-temps\/\" title=\"Read DONA LA NOTA, encara hi som a temps\">Llegeix m\u00e9s\u00bb<\/a><\/p>\n","protected":false},"author":1,"featured_media":12333,"comment_status":"open","ping_status":"closed","sticky":false,"template":"","format":"standard","meta":{"_bbp_topic_count":0,"_bbp_reply_count":0,"_bbp_total_topic_count":0,"_bbp_total_reply_count":0,"_bbp_voice_count":0,"_bbp_anonymous_reply_count":0,"_bbp_topic_count_hidden":0,"_bbp_reply_count_hidden":0,"_bbp_forum_subforum_count":0,"footnotes":""},"categories":[1,29],"tags":[],"class_list":["post-12331","post","type-post","status-publish","format-standard","has-post-thumbnail","hentry","category-general","category-portada"],"post_mailing_queue_ids":[],"_links":{"self":[{"href":"https:\/\/serveiseducatius.xtec.cat\/altmaresme\/wp-json\/wp\/v2\/posts\/12331","targetHints":{"allow":["GET"]}}],"collection":[{"href":"https:\/\/serveiseducatius.xtec.cat\/altmaresme\/wp-json\/wp\/v2\/posts"}],"about":[{"href":"https:\/\/serveiseducatius.xtec.cat\/altmaresme\/wp-json\/wp\/v2\/types\/post"}],"author":[{"embeddable":true,"href":"https:\/\/serveiseducatius.xtec.cat\/altmaresme\/wp-json\/wp\/v2\/users\/1"}],"replies":[{"embeddable":true,"href":"https:\/\/serveiseducatius.xtec.cat\/altmaresme\/wp-json\/wp\/v2\/comments?post=12331"}],"version-history":[{"count":1,"href":"https:\/\/serveiseducatius.xtec.cat\/altmaresme\/wp-json\/wp\/v2\/posts\/12331\/revisions"}],"predecessor-version":[{"id":12334,"href":"https:\/\/serveiseducatius.xtec.cat\/altmaresme\/wp-json\/wp\/v2\/posts\/12331\/revisions\/12334"}],"wp:featuredmedia":[{"embeddable":true,"href":"https:\/\/serveiseducatius.xtec.cat\/altmaresme\/wp-json\/wp\/v2\/media\/12333"}],"wp:attachment":[{"href":"https:\/\/serveiseducatius.xtec.cat\/altmaresme\/wp-json\/wp\/v2\/media?parent=12331"}],"wp:term":[{"taxonomy":"category","embeddable":true,"href":"https:\/\/serveiseducatius.xtec.cat\/altmaresme\/wp-json\/wp\/v2\/categories?post=12331"},{"taxonomy":"post_tag","embeddable":true,"href":"https:\/\/serveiseducatius.xtec.cat\/altmaresme\/wp-json\/wp\/v2\/tags?post=12331"}],"curies":[{"name":"wp","href":"https:\/\/api.w.org\/{rel}","templated":true}]}}