{"id":12315,"date":"2020-04-15T06:08:32","date_gmt":"2020-04-15T04:08:32","guid":{"rendered":"http:\/\/serveiseducatius.xtec.cat\/altmaresme\/?p=12315"},"modified":"2021-01-10T23:31:14","modified_gmt":"2021-01-10T22:31:14","slug":"educacio-comenca-el-proces-de-repartiment-de-22-000-dispositius-amb-connectivitat-a-alumnes-que-no-en-disposen-per-seguir-el-curs-des-de-casa","status":"publish","type":"post","link":"https:\/\/serveiseducatius.xtec.cat\/altmaresme\/general\/educacio-comenca-el-proces-de-repartiment-de-22-000-dispositius-amb-connectivitat-a-alumnes-que-no-en-disposen-per-seguir-el-curs-des-de-casa\/","title":{"rendered":"Educaci\u00f3 comen\u00e7a el proc\u00e9s de repartiment de 22.000 dispositius amb connectivitat a alumnes que no en disposen per seguir el curs des de casa"},"content":{"rendered":"<p>El Departament d\u2019Educaci\u00f3 comen\u00e7a aquesta setmana el proc\u00e9s de repartiment de 22.000 dispositius amb connectivitat a aquells alumnes que no en disposen, per tal que puguin seguir el curs des de casa durant al tercer trimestre, uns dispositius que rebran a partir del dia 20. A causa del confinament pel tancament de centres i davant del nou escenari lectiu, \u00e9s prioritat del Departament garantir en l\u2019alumnat dels centres educatius de m\u00e9s complexitat un seguit de mesures que facilitin les oportunitats d\u2019aprenentatge.<\/p>\n<p>Si vols seguir llegint l&#8217;article, clica la imatge<a href=\"https:\/\/govern.cat\/gov\/cohesio-social\/384140\/educacio-comenca-proces-repartiment-22000-dispositius-connectivitat-alumnes-que-no-disposen-seguir-curs-casa\"><img loading=\"lazy\" decoding=\"async\" class=\"aligncenter  wp-image-12316\" src=\"https:\/\/serveiseducatius.xtec.cat\/altmaresme\/wp-content\/uploads\/usu1140\/2020\/04\/Captura-de-pantalla-2020-04-15-a-las-6.05.54.png\" alt=\"\" width=\"652\" height=\"445\" srcset=\"https:\/\/serveiseducatius.xtec.cat\/altmaresme\/wp-content\/uploads\/usu1140\/2020\/04\/Captura-de-pantalla-2020-04-15-a-las-6.05.54.png 794w, https:\/\/serveiseducatius.xtec.cat\/altmaresme\/wp-content\/uploads\/usu1140\/2020\/04\/Captura-de-pantalla-2020-04-15-a-las-6.05.54-300x205.png 300w, https:\/\/serveiseducatius.xtec.cat\/altmaresme\/wp-content\/uploads\/usu1140\/2020\/04\/Captura-de-pantalla-2020-04-15-a-las-6.05.54-768x524.png 768w\" sizes=\"auto, (max-width: 652px) 100vw, 652px\" \/><\/a><\/p>\n","protected":false},"excerpt":{"rendered":"<p>El Departament d\u2019Educaci\u00f3 comen\u00e7a aquesta setmana el proc\u00e9s de repartiment de 22.000 dispositius amb connectivitat a aquells alumnes que no en disposen, per tal que puguin seguir el curs des de casa durant al tercer trimestre, uns dispositius que rebran a partir del dia 20.&hellip;  <a href=\"https:\/\/serveiseducatius.xtec.cat\/altmaresme\/general\/educacio-comenca-el-proces-de-repartiment-de-22-000-dispositius-amb-connectivitat-a-alumnes-que-no-en-disposen-per-seguir-el-curs-des-de-casa\/\" title=\"Read Educaci\u00f3 comen\u00e7a el proc\u00e9s de repartiment de 22.000 dispositius amb connectivitat a alumnes que no en disposen per seguir el curs des de casa\">Llegeix m\u00e9s\u00bb<\/a><\/p>\n","protected":false},"author":1,"featured_media":12316,"comment_status":"open","ping_status":"closed","sticky":false,"template":"","format":"standard","meta":{"_bbp_topic_count":0,"_bbp_reply_count":0,"_bbp_total_topic_count":0,"_bbp_total_reply_count":0,"_bbp_voice_count":0,"_bbp_anonymous_reply_count":0,"_bbp_topic_count_hidden":0,"_bbp_reply_count_hidden":0,"_bbp_forum_subforum_count":0,"footnotes":""},"categories":[285,1,29],"tags":[],"class_list":["post-12315","post","type-post","status-publish","format-standard","has-post-thumbnail","hentry","category-dua","category-general","category-portada"],"post_mailing_queue_ids":[],"_links":{"self":[{"href":"https:\/\/serveiseducatius.xtec.cat\/altmaresme\/wp-json\/wp\/v2\/posts\/12315","targetHints":{"allow":["GET"]}}],"collection":[{"href":"https:\/\/serveiseducatius.xtec.cat\/altmaresme\/wp-json\/wp\/v2\/posts"}],"about":[{"href":"https:\/\/serveiseducatius.xtec.cat\/altmaresme\/wp-json\/wp\/v2\/types\/post"}],"author":[{"embeddable":true,"href":"https:\/\/serveiseducatius.xtec.cat\/altmaresme\/wp-json\/wp\/v2\/users\/1"}],"replies":[{"embeddable":true,"href":"https:\/\/serveiseducatius.xtec.cat\/altmaresme\/wp-json\/wp\/v2\/comments?post=12315"}],"version-history":[{"count":1,"href":"https:\/\/serveiseducatius.xtec.cat\/altmaresme\/wp-json\/wp\/v2\/posts\/12315\/revisions"}],"predecessor-version":[{"id":12317,"href":"https:\/\/serveiseducatius.xtec.cat\/altmaresme\/wp-json\/wp\/v2\/posts\/12315\/revisions\/12317"}],"wp:featuredmedia":[{"embeddable":true,"href":"https:\/\/serveiseducatius.xtec.cat\/altmaresme\/wp-json\/wp\/v2\/media\/12316"}],"wp:attachment":[{"href":"https:\/\/serveiseducatius.xtec.cat\/altmaresme\/wp-json\/wp\/v2\/media?parent=12315"}],"wp:term":[{"taxonomy":"category","embeddable":true,"href":"https:\/\/serveiseducatius.xtec.cat\/altmaresme\/wp-json\/wp\/v2\/categories?post=12315"},{"taxonomy":"post_tag","embeddable":true,"href":"https:\/\/serveiseducatius.xtec.cat\/altmaresme\/wp-json\/wp\/v2\/tags?post=12315"}],"curies":[{"name":"wp","href":"https:\/\/api.w.org\/{rel}","templated":true}]}}