{"id":12268,"date":"2020-04-12T10:10:11","date_gmt":"2020-04-12T08:10:11","guid":{"rendered":"http:\/\/serveiseducatius.xtec.cat\/altmaresme\/?p=12268"},"modified":"2020-04-13T08:35:23","modified_gmt":"2020-04-13T06:35:23","slug":"com-esta-afectant-el-confinament-al-sistema-educatiu-antoni-bassas-entrevista-la-secretaria-general-deducacio-nuria-cuenca","status":"publish","type":"post","link":"https:\/\/serveiseducatius.xtec.cat\/altmaresme\/general\/com-esta-afectant-el-confinament-al-sistema-educatiu-antoni-bassas-entrevista-la-secretaria-general-deducacio-nuria-cuenca\/","title":{"rendered":"Com est\u00e0 afectant el confinament al sistema educatiu? Antoni Bassas entrevista la secret\u00e0ria general d&#8217;Educaci\u00f3, N\u00faria Cuenca"},"content":{"rendered":"<p>El confinament imposat pel coronavirus est\u00e0 posant a prova el sistema educatiu catal\u00e0. Quatre setmanes despr\u00e9s que comenc\u00e9s l&#8217;obligatorietat de quedar-se a casa, continuen planant molts dubtes i incerteses sobre com aix\u00f2 afectar\u00e0 els infants i adolescents, per una banda, i el sistema educatiu en general, per l&#8217;altra.<\/p>\n<p>Antoni Bassas conversar\u00e0 a trav\u00e9s de Skype amb la secret\u00e0ria general d&#8217;Educaci\u00f3, N\u00faria Cuenca. Parlaran de la preinscripci\u00f3 escolar, de la selectivitat, de les escoles concertades i de les oposicions del professorat, entre altres q\u00fcestions. Per\u00f2 tamb\u00e9 li far\u00e0 arribar els vostres dubtes i q\u00fcestions al respecte. La conversa s&#8217;emetr\u00e0 el divendres 17 d&#8217;abril.<\/p>\n<p><img loading=\"lazy\" decoding=\"async\" class=\"aligncenter wp-image-12269\" src=\"https:\/\/serveiseducatius.xtec.cat\/altmaresme\/wp-content\/uploads\/usu1140\/2020\/04\/Captura-de-pantalla-2020-04-12-a-las-10.07.05-1024x571.png\" alt=\"\" width=\"489\" height=\"273\" srcset=\"https:\/\/serveiseducatius.xtec.cat\/altmaresme\/wp-content\/uploads\/usu1140\/2020\/04\/Captura-de-pantalla-2020-04-12-a-las-10.07.05-1024x571.png 1024w, https:\/\/serveiseducatius.xtec.cat\/altmaresme\/wp-content\/uploads\/usu1140\/2020\/04\/Captura-de-pantalla-2020-04-12-a-las-10.07.05-300x167.png 300w, https:\/\/serveiseducatius.xtec.cat\/altmaresme\/wp-content\/uploads\/usu1140\/2020\/04\/Captura-de-pantalla-2020-04-12-a-las-10.07.05-768x428.png 768w, https:\/\/serveiseducatius.xtec.cat\/altmaresme\/wp-content\/uploads\/usu1140\/2020\/04\/Captura-de-pantalla-2020-04-12-a-las-10.07.05.png 1292w\" sizes=\"auto, (max-width: 489px) 100vw, 489px\" \/><\/p>\n<p>La conversa s&#8217;emetr\u00e0 el divendres 17 d&#8217;abril. Podeu fer-nos arribar dubtes i q\u00fcestions que tingueu en\u00a0<a href=\"https:\/\/participa.ara.cat\/murs\/com-esta-afectant-el-confinament-al-sistema-educatiu-17\">aquest mur de participaci\u00f3<\/a><\/p>\n<p><a href=\"http:\/\/Tri\u00e1ngulo apuntando \u00e1 dereita https:\/\/rtve.es\/radio\/radio4-endirecto\/\">Clica aqu\u00ed per accedir<\/a><\/p>\n","protected":false},"excerpt":{"rendered":"<p>El confinament imposat pel coronavirus est\u00e0 posant a prova el sistema educatiu catal\u00e0. Quatre setmanes despr\u00e9s que comenc\u00e9s l&#8217;obligatorietat de quedar-se a casa, continuen planant molts dubtes i incerteses sobre com aix\u00f2 afectar\u00e0 els infants i adolescents, per una banda, i el sistema educatiu en&hellip;  <a href=\"https:\/\/serveiseducatius.xtec.cat\/altmaresme\/general\/com-esta-afectant-el-confinament-al-sistema-educatiu-antoni-bassas-entrevista-la-secretaria-general-deducacio-nuria-cuenca\/\" title=\"Read Com est\u00e0 afectant el confinament al sistema educatiu? Antoni Bassas entrevista la secret\u00e0ria general d&#8217;Educaci\u00f3, N\u00faria Cuenca\">Llegeix m\u00e9s\u00bb<\/a><\/p>\n","protected":false},"author":1,"featured_media":12289,"comment_status":"open","ping_status":"closed","sticky":false,"template":"","format":"standard","meta":{"_bbp_topic_count":0,"_bbp_reply_count":0,"_bbp_total_topic_count":0,"_bbp_total_reply_count":0,"_bbp_voice_count":0,"_bbp_anonymous_reply_count":0,"_bbp_topic_count_hidden":0,"_bbp_reply_count_hidden":0,"_bbp_forum_subforum_count":0,"footnotes":""},"categories":[1,29],"tags":[],"class_list":["post-12268","post","type-post","status-publish","format-standard","has-post-thumbnail","hentry","category-general","category-portada"],"post_mailing_queue_ids":[],"_links":{"self":[{"href":"https:\/\/serveiseducatius.xtec.cat\/altmaresme\/wp-json\/wp\/v2\/posts\/12268","targetHints":{"allow":["GET"]}}],"collection":[{"href":"https:\/\/serveiseducatius.xtec.cat\/altmaresme\/wp-json\/wp\/v2\/posts"}],"about":[{"href":"https:\/\/serveiseducatius.xtec.cat\/altmaresme\/wp-json\/wp\/v2\/types\/post"}],"author":[{"embeddable":true,"href":"https:\/\/serveiseducatius.xtec.cat\/altmaresme\/wp-json\/wp\/v2\/users\/1"}],"replies":[{"embeddable":true,"href":"https:\/\/serveiseducatius.xtec.cat\/altmaresme\/wp-json\/wp\/v2\/comments?post=12268"}],"version-history":[{"count":2,"href":"https:\/\/serveiseducatius.xtec.cat\/altmaresme\/wp-json\/wp\/v2\/posts\/12268\/revisions"}],"predecessor-version":[{"id":12290,"href":"https:\/\/serveiseducatius.xtec.cat\/altmaresme\/wp-json\/wp\/v2\/posts\/12268\/revisions\/12290"}],"wp:featuredmedia":[{"embeddable":true,"href":"https:\/\/serveiseducatius.xtec.cat\/altmaresme\/wp-json\/wp\/v2\/media\/12289"}],"wp:attachment":[{"href":"https:\/\/serveiseducatius.xtec.cat\/altmaresme\/wp-json\/wp\/v2\/media?parent=12268"}],"wp:term":[{"taxonomy":"category","embeddable":true,"href":"https:\/\/serveiseducatius.xtec.cat\/altmaresme\/wp-json\/wp\/v2\/categories?post=12268"},{"taxonomy":"post_tag","embeddable":true,"href":"https:\/\/serveiseducatius.xtec.cat\/altmaresme\/wp-json\/wp\/v2\/tags?post=12268"}],"curies":[{"name":"wp","href":"https:\/\/api.w.org\/{rel}","templated":true}]}}