{"id":12217,"date":"2020-04-10T07:50:51","date_gmt":"2020-04-10T05:50:51","guid":{"rendered":"http:\/\/serveiseducatius.xtec.cat\/altmaresme\/?p=12217"},"modified":"2020-04-10T07:50:51","modified_gmt":"2020-04-10T05:50:51","slug":"activitum-el-portal-dactivitats-educatives-de-catalunya","status":"publish","type":"post","link":"https:\/\/serveiseducatius.xtec.cat\/altmaresme\/general\/activitum-el-portal-dactivitats-educatives-de-catalunya\/","title":{"rendered":"ACTIVITUM: El Portal d&#8217;Activitats Educatives de Catalunya"},"content":{"rendered":"<p style=\"text-align: center;\">Clica la imatge<br \/>\n<a href=\"https:\/\/activitum.cat\/\"><img loading=\"lazy\" decoding=\"async\" class=\"aligncenter size-large wp-image-12218\" src=\"https:\/\/serveiseducatius.xtec.cat\/altmaresme\/wp-content\/uploads\/usu1140\/2020\/04\/Captura-de-pantalla-2020-04-10-a-las-7.41.53-1024x478.png\" alt=\"\" width=\"1024\" height=\"478\" srcset=\"https:\/\/serveiseducatius.xtec.cat\/altmaresme\/wp-content\/uploads\/usu1140\/2020\/04\/Captura-de-pantalla-2020-04-10-a-las-7.41.53-1024x478.png 1024w, https:\/\/serveiseducatius.xtec.cat\/altmaresme\/wp-content\/uploads\/usu1140\/2020\/04\/Captura-de-pantalla-2020-04-10-a-las-7.41.53-300x140.png 300w, https:\/\/serveiseducatius.xtec.cat\/altmaresme\/wp-content\/uploads\/usu1140\/2020\/04\/Captura-de-pantalla-2020-04-10-a-las-7.41.53-768x358.png 768w\" sizes=\"auto, (max-width: 1024px) 100vw, 1024px\" \/><\/a><\/p>\n<p><a href=\"https:\/\/activitum.cat\/\">Activitum<\/a> \u00e9s una iniciativa sense \u00e0nim de lucre impulsada per professionals de l\u2019educaci\u00f3 des del convenciment que per tal d\u2019adaptar l\u2019educaci\u00f3 als canvis del nostre temps \u00e9s imprescindible implicar-hi tots els agents de l\u2019entorn.<\/p>\n<p>El portal \u00e9s un recurs per a expandir els l\u00edmits de l\u2019aula a un m\u00f3n m\u00e9s global, obert i interconnectat i oferir als infants, families i docents propostes innovadores i d\u2019alt valor pedag\u00f2gic.<\/p>\n<p>L\u2019oferta d\u2019activitats educatives \u00e9s immensa: teatre, museus, tallers, audicions, jornades, concursos\u2026 I els \u00e0mbits abracen tots els aspectes de l\u2019educaci\u00f3 integral dels alumnes: ci\u00e8ncies, llenguatge i comunicaci\u00f3, cultura, salut, mobilitat, art\u2026<\/p>\n<p>Activitum concentra tota aquesta oferta i la classifica creant un cat\u00e0leg \u00e0gil i adaptable que contempla les necessitats de tots els infants, buscant l\u2019equitat i l\u2019inclusivitat.<\/p>\n<p>Activitum forma part de l\u2019Alian\u00e7a Educaci\u00f3 360 un projecte de la Diputaci\u00f3 de Barcelona, la Fundaci\u00f3 Bofill i la Federaci\u00f3 de Moviments de Renovaci\u00f3 Pedag\u00f2gica.<\/p>\n<div class=\"periodismeplural_ad column_ad [mobile]_columna_2_[articles]\">\n<div id=\"div-gpt-ad-1519833254408-8\"><\/div>\n<\/div>\n","protected":false},"excerpt":{"rendered":"<p>Clica la imatge<br \/>\n<a href=\"https:\/\/activitum.cat\/\"><\/a><br \/>\n<a href=\"https:\/\/activitum.cat\/\">Activitum<\/a> \u00e9s una iniciativa sense \u00e0nim de lucre impulsada per professionals de l\u2019educaci\u00f3 des del convenciment que per tal d\u2019adaptar l\u2019educaci\u00f3 als canvis del nostre temps \u00e9s imprescindible implicar-hi tots els agents de l\u2019entorn.<br \/>\nEl portal \u00e9s un recurs per a expandir&hellip;  <a href=\"https:\/\/serveiseducatius.xtec.cat\/altmaresme\/general\/activitum-el-portal-dactivitats-educatives-de-catalunya\/\" title=\"Read ACTIVITUM: El Portal d&#8217;Activitats Educatives de Catalunya\">Llegeix m\u00e9s\u00bb<\/a><\/p>\n","protected":false},"author":1,"featured_media":12218,"comment_status":"open","ping_status":"closed","sticky":false,"template":"","format":"standard","meta":{"_bbp_topic_count":0,"_bbp_reply_count":0,"_bbp_total_topic_count":0,"_bbp_total_reply_count":0,"_bbp_voice_count":0,"_bbp_anonymous_reply_count":0,"_bbp_topic_count_hidden":0,"_bbp_reply_count_hidden":0,"_bbp_forum_subforum_count":0,"footnotes":""},"categories":[1,29],"tags":[],"class_list":["post-12217","post","type-post","status-publish","format-standard","has-post-thumbnail","hentry","category-general","category-portada"],"post_mailing_queue_ids":[],"_links":{"self":[{"href":"https:\/\/serveiseducatius.xtec.cat\/altmaresme\/wp-json\/wp\/v2\/posts\/12217","targetHints":{"allow":["GET"]}}],"collection":[{"href":"https:\/\/serveiseducatius.xtec.cat\/altmaresme\/wp-json\/wp\/v2\/posts"}],"about":[{"href":"https:\/\/serveiseducatius.xtec.cat\/altmaresme\/wp-json\/wp\/v2\/types\/post"}],"author":[{"embeddable":true,"href":"https:\/\/serveiseducatius.xtec.cat\/altmaresme\/wp-json\/wp\/v2\/users\/1"}],"replies":[{"embeddable":true,"href":"https:\/\/serveiseducatius.xtec.cat\/altmaresme\/wp-json\/wp\/v2\/comments?post=12217"}],"version-history":[{"count":1,"href":"https:\/\/serveiseducatius.xtec.cat\/altmaresme\/wp-json\/wp\/v2\/posts\/12217\/revisions"}],"predecessor-version":[{"id":12219,"href":"https:\/\/serveiseducatius.xtec.cat\/altmaresme\/wp-json\/wp\/v2\/posts\/12217\/revisions\/12219"}],"wp:featuredmedia":[{"embeddable":true,"href":"https:\/\/serveiseducatius.xtec.cat\/altmaresme\/wp-json\/wp\/v2\/media\/12218"}],"wp:attachment":[{"href":"https:\/\/serveiseducatius.xtec.cat\/altmaresme\/wp-json\/wp\/v2\/media?parent=12217"}],"wp:term":[{"taxonomy":"category","embeddable":true,"href":"https:\/\/serveiseducatius.xtec.cat\/altmaresme\/wp-json\/wp\/v2\/categories?post=12217"},{"taxonomy":"post_tag","embeddable":true,"href":"https:\/\/serveiseducatius.xtec.cat\/altmaresme\/wp-json\/wp\/v2\/tags?post=12217"}],"curies":[{"name":"wp","href":"https:\/\/api.w.org\/{rel}","templated":true}]}}