{"id":12179,"date":"2020-04-06T07:02:55","date_gmt":"2020-04-06T05:02:55","guid":{"rendered":"http:\/\/serveiseducatius.xtec.cat\/altmaresme\/?p=12179"},"modified":"2020-04-06T07:02:55","modified_gmt":"2020-04-06T05:02:55","slug":"el-departament-deducacio-posa-en-obert-els-continguts-i-recursos-educatius-de-linstitut-obert-de-catalunya","status":"publish","type":"post","link":"https:\/\/serveiseducatius.xtec.cat\/altmaresme\/general\/el-departament-deducacio-posa-en-obert-els-continguts-i-recursos-educatius-de-linstitut-obert-de-catalunya\/","title":{"rendered":"El Departament d&#8217;Educaci\u00f3 posa en obert els continguts i recursos educatius de l&#8217;Institut Obert de Catalunya"},"content":{"rendered":"<p>El Departament d\u2019Educaci\u00f3, a causa de la situaci\u00f3 actual d\u2019excepcionalitat pels efectes del COVID-19, posa en obert els continguts i recursos educatius de l\u2019Institut Obert de Catalunya (IOC). L\u2019IOC vol, d\u2019aquesta manera, posar a disposici\u00f3 materials a les persones que en vulguin fer \u00fas mentre duri el tancament dels centres educatius.<\/p>\n<ul>\n<li><strong>Davant la situaci\u00f3 excepcional de confinament, l\u2019IOC posa tots els seus materials i recursos a disposici\u00f3 de les persones que en vulgui fer \u00fas.<\/strong><\/li>\n<\/ul>\n<ul>\n<li><strong>Alguns dels continguts s\u00f3n d\u2019assignatures de batxillerat com ara angl\u00e8s, franc\u00e8s, hist\u00f2ria o dibuix art\u00edstic, entre d\u2019altres.<\/strong><\/li>\n<\/ul>\n<p>&nbsp;<\/p>\n<p style=\"text-align: center;\">Clica la imatge<br \/>\n<a href=\"https:\/\/ioc.xtec.cat\/educacio\/alias\/952-l-ioc-ofereix-els-seus-continguts-a-la-comunitat-educativa-joemquedoacasa?utm_source=dlvr.it&amp;utm_medium=twitter\"><img loading=\"lazy\" decoding=\"async\" class=\"aligncenter  wp-image-12180\" src=\"https:\/\/serveiseducatius.xtec.cat\/altmaresme\/wp-content\/uploads\/usu1140\/2020\/04\/Captura-de-pantalla-2020-04-06-a-las-6.54.31-1024x516.png\" alt=\"\" width=\"472\" height=\"238\" srcset=\"https:\/\/serveiseducatius.xtec.cat\/altmaresme\/wp-content\/uploads\/usu1140\/2020\/04\/Captura-de-pantalla-2020-04-06-a-las-6.54.31-1024x516.png 1024w, https:\/\/serveiseducatius.xtec.cat\/altmaresme\/wp-content\/uploads\/usu1140\/2020\/04\/Captura-de-pantalla-2020-04-06-a-las-6.54.31-300x151.png 300w, https:\/\/serveiseducatius.xtec.cat\/altmaresme\/wp-content\/uploads\/usu1140\/2020\/04\/Captura-de-pantalla-2020-04-06-a-las-6.54.31-768x387.png 768w, https:\/\/serveiseducatius.xtec.cat\/altmaresme\/wp-content\/uploads\/usu1140\/2020\/04\/Captura-de-pantalla-2020-04-06-a-las-6.54.31.png 1346w\" sizes=\"auto, (max-width: 472px) 100vw, 472px\" \/><\/a><\/p>\n","protected":false},"excerpt":{"rendered":"<p>El Departament d\u2019Educaci\u00f3, a causa de la situaci\u00f3 actual d\u2019excepcionalitat pels efectes del COVID-19, posa en obert els continguts i recursos educatius de l\u2019Institut Obert de Catalunya (IOC). L\u2019IOC vol, d\u2019aquesta manera, posar a disposici\u00f3 materials a les persones que en vulguin fer \u00fas mentre&hellip;  <a href=\"https:\/\/serveiseducatius.xtec.cat\/altmaresme\/general\/el-departament-deducacio-posa-en-obert-els-continguts-i-recursos-educatius-de-linstitut-obert-de-catalunya\/\" title=\"Read El Departament d&#8217;Educaci\u00f3 posa en obert els continguts i recursos educatius de l&#8217;Institut Obert de Catalunya\">Llegeix m\u00e9s\u00bb<\/a><\/p>\n","protected":false},"author":1,"featured_media":12180,"comment_status":"open","ping_status":"closed","sticky":false,"template":"","format":"standard","meta":{"_bbp_topic_count":0,"_bbp_reply_count":0,"_bbp_total_topic_count":0,"_bbp_total_reply_count":0,"_bbp_voice_count":0,"_bbp_anonymous_reply_count":0,"_bbp_topic_count_hidden":0,"_bbp_reply_count_hidden":0,"_bbp_forum_subforum_count":0,"footnotes":""},"categories":[1,29],"tags":[],"class_list":["post-12179","post","type-post","status-publish","format-standard","has-post-thumbnail","hentry","category-general","category-portada"],"post_mailing_queue_ids":[],"_links":{"self":[{"href":"https:\/\/serveiseducatius.xtec.cat\/altmaresme\/wp-json\/wp\/v2\/posts\/12179","targetHints":{"allow":["GET"]}}],"collection":[{"href":"https:\/\/serveiseducatius.xtec.cat\/altmaresme\/wp-json\/wp\/v2\/posts"}],"about":[{"href":"https:\/\/serveiseducatius.xtec.cat\/altmaresme\/wp-json\/wp\/v2\/types\/post"}],"author":[{"embeddable":true,"href":"https:\/\/serveiseducatius.xtec.cat\/altmaresme\/wp-json\/wp\/v2\/users\/1"}],"replies":[{"embeddable":true,"href":"https:\/\/serveiseducatius.xtec.cat\/altmaresme\/wp-json\/wp\/v2\/comments?post=12179"}],"version-history":[{"count":1,"href":"https:\/\/serveiseducatius.xtec.cat\/altmaresme\/wp-json\/wp\/v2\/posts\/12179\/revisions"}],"predecessor-version":[{"id":12181,"href":"https:\/\/serveiseducatius.xtec.cat\/altmaresme\/wp-json\/wp\/v2\/posts\/12179\/revisions\/12181"}],"wp:featuredmedia":[{"embeddable":true,"href":"https:\/\/serveiseducatius.xtec.cat\/altmaresme\/wp-json\/wp\/v2\/media\/12180"}],"wp:attachment":[{"href":"https:\/\/serveiseducatius.xtec.cat\/altmaresme\/wp-json\/wp\/v2\/media?parent=12179"}],"wp:term":[{"taxonomy":"category","embeddable":true,"href":"https:\/\/serveiseducatius.xtec.cat\/altmaresme\/wp-json\/wp\/v2\/categories?post=12179"},{"taxonomy":"post_tag","embeddable":true,"href":"https:\/\/serveiseducatius.xtec.cat\/altmaresme\/wp-json\/wp\/v2\/tags?post=12179"}],"curies":[{"name":"wp","href":"https:\/\/api.w.org\/{rel}","templated":true}]}}