{"id":12150,"date":"2020-04-02T15:41:19","date_gmt":"2020-04-02T13:41:19","guid":{"rendered":"http:\/\/serveiseducatius.xtec.cat\/altmaresme\/?p=12150"},"modified":"2020-04-02T15:41:19","modified_gmt":"2020-04-02T13:41:19","slug":"lescola-a-distancia-ens-preocupa-com-aprendre-o-com-avaluar-neus-sanmarti","status":"publish","type":"post","link":"https:\/\/serveiseducatius.xtec.cat\/altmaresme\/general\/lescola-a-distancia-ens-preocupa-com-aprendre-o-com-avaluar-neus-sanmarti\/","title":{"rendered":"L&#8217;escola a dist\u00e0ncia: ens preocupa com aprendre o com avaluar? NEUS SANMART\u00cd"},"content":{"rendered":"<p><img loading=\"lazy\" decoding=\"async\" class=\"aligncenter  wp-image-12151\" src=\"https:\/\/serveiseducatius.xtec.cat\/altmaresme\/wp-content\/uploads\/usu1140\/2020\/04\/Captura-de-pantalla-2020-04-02-a-las-15.32.21-832x1024.png\" alt=\"\" width=\"352\" height=\"433\" srcset=\"https:\/\/serveiseducatius.xtec.cat\/altmaresme\/wp-content\/uploads\/usu1140\/2020\/04\/Captura-de-pantalla-2020-04-02-a-las-15.32.21-832x1024.png 832w, https:\/\/serveiseducatius.xtec.cat\/altmaresme\/wp-content\/uploads\/usu1140\/2020\/04\/Captura-de-pantalla-2020-04-02-a-las-15.32.21-244x300.png 244w, https:\/\/serveiseducatius.xtec.cat\/altmaresme\/wp-content\/uploads\/usu1140\/2020\/04\/Captura-de-pantalla-2020-04-02-a-las-15.32.21-768x945.png 768w, https:\/\/serveiseducatius.xtec.cat\/altmaresme\/wp-content\/uploads\/usu1140\/2020\/04\/Captura-de-pantalla-2020-04-02-a-las-15.32.21.png 952w\" sizes=\"auto, (max-width: 352px) 100vw, 352px\" \/><\/p>\n<p>L\u2019Associaci\u00f3 Rosa Sensat ens convida avui <strong>dijous 2 d\u2019abril a les 18.30<\/strong> a assistir en directe <a href=\"https:\/\/www.instagram.com\/rosasensatassociacio\/\">al seu canal a instagram\u00a0<\/a><\/p>\n<p>Xerrada per com enfocar l&#8217;avaluaci\u00f3 formativa i competencial amb el proc\u00e9s de l&#8217;aprenentatge virtual. Podeu enviar les vostres preguntes o temes de qu\u00e8 voleu parlar.<\/p>\n<p>&nbsp;<\/p>\n","protected":false},"excerpt":{"rendered":"<p>L\u2019Associaci\u00f3 Rosa Sensat ens convida avui dijous 2 d\u2019abril a les 18.30 a assistir en directe <a href=\"https:\/\/www.instagram.com\/rosasensatassociacio\/\">al seu canal a instagram\u00a0<\/a><br \/>\nXerrada per com enfocar l&#8217;avaluaci\u00f3 formativa i competencial amb el proc\u00e9s de l&#8217;aprenentatge virtual. Podeu enviar les vostres preguntes o temes de qu\u00e8 voleu&hellip;  <a href=\"https:\/\/serveiseducatius.xtec.cat\/altmaresme\/general\/lescola-a-distancia-ens-preocupa-com-aprendre-o-com-avaluar-neus-sanmarti\/\" title=\"Read L&#8217;escola a dist\u00e0ncia: ens preocupa com aprendre o com avaluar? NEUS SANMART\u00cd\">Llegeix m\u00e9s\u00bb<\/a><\/p>\n","protected":false},"author":1,"featured_media":12151,"comment_status":"open","ping_status":"closed","sticky":false,"template":"","format":"standard","meta":{"_bbp_topic_count":0,"_bbp_reply_count":0,"_bbp_total_topic_count":0,"_bbp_total_reply_count":0,"_bbp_voice_count":0,"_bbp_anonymous_reply_count":0,"_bbp_topic_count_hidden":0,"_bbp_reply_count_hidden":0,"_bbp_forum_subforum_count":0,"footnotes":""},"categories":[1,29],"tags":[],"class_list":["post-12150","post","type-post","status-publish","format-standard","has-post-thumbnail","hentry","category-general","category-portada"],"post_mailing_queue_ids":[],"_links":{"self":[{"href":"https:\/\/serveiseducatius.xtec.cat\/altmaresme\/wp-json\/wp\/v2\/posts\/12150","targetHints":{"allow":["GET"]}}],"collection":[{"href":"https:\/\/serveiseducatius.xtec.cat\/altmaresme\/wp-json\/wp\/v2\/posts"}],"about":[{"href":"https:\/\/serveiseducatius.xtec.cat\/altmaresme\/wp-json\/wp\/v2\/types\/post"}],"author":[{"embeddable":true,"href":"https:\/\/serveiseducatius.xtec.cat\/altmaresme\/wp-json\/wp\/v2\/users\/1"}],"replies":[{"embeddable":true,"href":"https:\/\/serveiseducatius.xtec.cat\/altmaresme\/wp-json\/wp\/v2\/comments?post=12150"}],"version-history":[{"count":1,"href":"https:\/\/serveiseducatius.xtec.cat\/altmaresme\/wp-json\/wp\/v2\/posts\/12150\/revisions"}],"predecessor-version":[{"id":12152,"href":"https:\/\/serveiseducatius.xtec.cat\/altmaresme\/wp-json\/wp\/v2\/posts\/12150\/revisions\/12152"}],"wp:featuredmedia":[{"embeddable":true,"href":"https:\/\/serveiseducatius.xtec.cat\/altmaresme\/wp-json\/wp\/v2\/media\/12151"}],"wp:attachment":[{"href":"https:\/\/serveiseducatius.xtec.cat\/altmaresme\/wp-json\/wp\/v2\/media?parent=12150"}],"wp:term":[{"taxonomy":"category","embeddable":true,"href":"https:\/\/serveiseducatius.xtec.cat\/altmaresme\/wp-json\/wp\/v2\/categories?post=12150"},{"taxonomy":"post_tag","embeddable":true,"href":"https:\/\/serveiseducatius.xtec.cat\/altmaresme\/wp-json\/wp\/v2\/tags?post=12150"}],"curies":[{"name":"wp","href":"https:\/\/api.w.org\/{rel}","templated":true}]}}