{"id":12047,"date":"2020-03-30T04:37:50","date_gmt":"2020-03-30T02:37:50","guid":{"rendered":"http:\/\/serveiseducatius.xtec.cat\/altmaresme\/?p=12047"},"modified":"2020-03-30T10:55:18","modified_gmt":"2020-03-30T08:55:18","slug":"ebiblio-catalunya-prestec-gratuit-de-continguts-digitals","status":"publish","type":"post","link":"https:\/\/serveiseducatius.xtec.cat\/altmaresme\/general\/ebiblio-catalunya-prestec-gratuit-de-continguts-digitals\/","title":{"rendered":"eBiblio Catalunya. Pr\u00e9stec gratu\u00eft de continguts digitals"},"content":{"rendered":"<p><strong>eBiblio Catalunya<\/strong>\u00a0\u00e9s un servei del\u00a0<strong>Sistema de Lectura P\u00fablica de Catalunya<\/strong>\u00a0que fa possible el pr\u00e9stec de continguts digitals a totes les persones usu\u00e0ries amb carnet de biblioteca p\u00fablica. Es pot accedir als continguts des de diferents dispositius: tauletes, tel\u00e8fons, ordinadors i lectors de llibres electr\u00f2nics.<\/p>\n<p>Aquests dies de confinament continua llegint els llibres que m\u00e9s t\u2019agraden amb el servei de pr\u00e9stec digital eBiblio Catalunya. Hi trobar\u00e0s llibres i revistes que podr\u00e0s llegir des de la teva tauleta, l\u2019ordinador, el m\u00f2bil o el lector de llibres electr\u00f2nics. A m\u00e9s hem ampliat les opcions per aquests dies: podr\u00e0s agafar en pr\u00e9stec fins a quatre llibres a la vegada amb un m\u00e0xim de trenta llibres al mes.<\/p>\n<p><img loading=\"lazy\" decoding=\"async\" class=\"aligncenter size-full wp-image-12048\" src=\"https:\/\/serveiseducatius.xtec.cat\/altmaresme\/wp-content\/uploads\/usu1140\/2020\/03\/Captura-de-pantalla-2020-03-30-a-las-4.33.01.png\" alt=\"\" width=\"932\" height=\"464\" srcset=\"https:\/\/serveiseducatius.xtec.cat\/altmaresme\/wp-content\/uploads\/usu1140\/2020\/03\/Captura-de-pantalla-2020-03-30-a-las-4.33.01.png 932w, https:\/\/serveiseducatius.xtec.cat\/altmaresme\/wp-content\/uploads\/usu1140\/2020\/03\/Captura-de-pantalla-2020-03-30-a-las-4.33.01-300x149.png 300w, https:\/\/serveiseducatius.xtec.cat\/altmaresme\/wp-content\/uploads\/usu1140\/2020\/03\/Captura-de-pantalla-2020-03-30-a-las-4.33.01-768x382.png 768w\" sizes=\"auto, (max-width: 932px) 100vw, 932px\" \/><\/p>\n<p>Aquest servei ha estat promogut pel\u00a0 Ministerio de Cultura y Deporte amb la col.laboraci\u00f3 del\u00a0<a href=\"http:\/\/biblioteques.gencat.cat\/es\/index.html\" target=\"_blank\" rel=\"noopener noreferrer\">Departament de Cultura\u00a0de la Generalitat de Catalunya<\/a>, la\u00a0<a href=\"http:\/\/bibliotecavirtual.diba.cat\/es\/inici\" target=\"_blank\" rel=\"noopener noreferrer\">Diputaci\u00f3 de Barcelona<\/a>\u00a0i l\u2019<a href=\"http:\/\/www.bcn.cat\/biblioteques\" target=\"_blank\" rel=\"noopener noreferrer\">Ajuntament de Barcelona<\/a>.<\/p>\n<p>El servei est\u00e0 disponible a l\u2019adre\u00e7a <a href=\"http:\/\/catalunya.ebiblio.cat\/\">http:\/\/catalunya.ebiblio.cat. <\/a>Tamb\u00e9 s\u2019hi pot accedir descarregant l\u2019aplicaci\u00f3 eBiblio disponible per <a href=\"https:\/\/itunes.apple.com\/us\/app\/ebiblio\/id1028387742\" target=\"_blank\" rel=\"noopener noreferrer\">iOS<\/a> et <a href=\"https:\/\/play.google.com\/store\/apps\/details?id=es.odilo.ebiblio\" target=\"_blank\" rel=\"noopener noreferrer\">Android<\/a>.<\/p>\n<div class=\"addtoany_share_save_container addtoany_content_bottom\">\n<div class=\"a2a_kit a2a_kit_size_25 addtoany_list\" data-a2a-url=\"https:\/\/serveiseducatius.xtec.cat\/baixllobregat5\/dinamitzacio\/biblioteca-escolar\/ebiblio-catalunya-prestec-gratuit-de-continguts-digitals\/\" data-a2a-title=\"eBiblio Catalunya. Pr\u00e9stec gratu\u00eft de continguts digitals\"><\/div>\n<\/div>\n","protected":false},"excerpt":{"rendered":"<p>eBiblio Catalunya\u00a0\u00e9s un servei del\u00a0Sistema de Lectura P\u00fablica de Catalunya\u00a0que fa possible el pr\u00e9stec de continguts digitals a totes les persones usu\u00e0ries amb carnet de biblioteca p\u00fablica. Es pot accedir als continguts des de diferents dispositius: tauletes, tel\u00e8fons, ordinadors i lectors de llibres electr\u00f2nics.<br \/>\nAquests dies&hellip;  <a href=\"https:\/\/serveiseducatius.xtec.cat\/altmaresme\/general\/ebiblio-catalunya-prestec-gratuit-de-continguts-digitals\/\" title=\"Read eBiblio Catalunya. Pr\u00e9stec gratu\u00eft de continguts digitals\">Llegeix m\u00e9s\u00bb<\/a><\/p>\n","protected":false},"author":1,"featured_media":12048,"comment_status":"open","ping_status":"closed","sticky":false,"template":"","format":"standard","meta":{"_bbp_topic_count":0,"_bbp_reply_count":0,"_bbp_total_topic_count":0,"_bbp_total_reply_count":0,"_bbp_voice_count":0,"_bbp_anonymous_reply_count":0,"_bbp_topic_count_hidden":0,"_bbp_reply_count_hidden":0,"_bbp_forum_subforum_count":0,"footnotes":""},"categories":[81,1,29],"tags":[],"class_list":["post-12047","post","type-post","status-publish","format-standard","has-post-thumbnail","hentry","category-biblioteca-escolar","category-general","category-portada"],"post_mailing_queue_ids":[],"_links":{"self":[{"href":"https:\/\/serveiseducatius.xtec.cat\/altmaresme\/wp-json\/wp\/v2\/posts\/12047","targetHints":{"allow":["GET"]}}],"collection":[{"href":"https:\/\/serveiseducatius.xtec.cat\/altmaresme\/wp-json\/wp\/v2\/posts"}],"about":[{"href":"https:\/\/serveiseducatius.xtec.cat\/altmaresme\/wp-json\/wp\/v2\/types\/post"}],"author":[{"embeddable":true,"href":"https:\/\/serveiseducatius.xtec.cat\/altmaresme\/wp-json\/wp\/v2\/users\/1"}],"replies":[{"embeddable":true,"href":"https:\/\/serveiseducatius.xtec.cat\/altmaresme\/wp-json\/wp\/v2\/comments?post=12047"}],"version-history":[{"count":2,"href":"https:\/\/serveiseducatius.xtec.cat\/altmaresme\/wp-json\/wp\/v2\/posts\/12047\/revisions"}],"predecessor-version":[{"id":12061,"href":"https:\/\/serveiseducatius.xtec.cat\/altmaresme\/wp-json\/wp\/v2\/posts\/12047\/revisions\/12061"}],"wp:featuredmedia":[{"embeddable":true,"href":"https:\/\/serveiseducatius.xtec.cat\/altmaresme\/wp-json\/wp\/v2\/media\/12048"}],"wp:attachment":[{"href":"https:\/\/serveiseducatius.xtec.cat\/altmaresme\/wp-json\/wp\/v2\/media?parent=12047"}],"wp:term":[{"taxonomy":"category","embeddable":true,"href":"https:\/\/serveiseducatius.xtec.cat\/altmaresme\/wp-json\/wp\/v2\/categories?post=12047"},{"taxonomy":"post_tag","embeddable":true,"href":"https:\/\/serveiseducatius.xtec.cat\/altmaresme\/wp-json\/wp\/v2\/tags?post=12047"}],"curies":[{"name":"wp","href":"https:\/\/api.w.org\/{rel}","templated":true}]}}