{"id":12043,"date":"2020-03-30T04:28:28","date_gmt":"2020-03-30T02:28:28","guid":{"rendered":"http:\/\/serveiseducatius.xtec.cat\/altmaresme\/?p=12043"},"modified":"2020-04-01T06:14:18","modified_gmt":"2020-04-01T04:14:18","slug":"cartes-amb-cor-educacio-i-sanitat-bateguem-juntes","status":"publish","type":"post","link":"https:\/\/serveiseducatius.xtec.cat\/altmaresme\/general\/cartes-amb-cor-educacio-i-sanitat-bateguem-juntes\/","title":{"rendered":"CARTES amb COR. Educaci\u00f3 i Sanitat bateguem juntes"},"content":{"rendered":"<p>Aquesta \u00e9s una iniciativa que neix en unes circumst\u00e0ncies molt especials i en uns moments <a href=\"https:\/\/projectes.xtec.cat\/consescat\/portada\/cartes-amb-cor-educacio-i-sanitat-bateguem-juntes\/\" target=\"_blank\" rel=\"noopener noreferrer\"><img loading=\"lazy\" decoding=\"async\" class=\" wp-image-4366 alignright\" src=\"https:\/\/serveiseducatius.xtec.cat\/baixllobregat2\/wp-content\/uploads\/usu760\/2020\/03\/Captura-de-pantalla-2020-03-26-a-las-23.35.45-300x228.png\" alt=\"\" width=\"245\" height=\"186\" \/><\/a>molt dif\u00edcils per a tothom.\u00a0 Des del <a href=\"https:\/\/projectes.xtec.cat\/consescat\/portada\/cartes-amb-cor-educacio-i-sanitat-bateguem-juntes\/\" target=\"_blank\" rel=\"noopener noreferrer\">web CONSESCAT<\/a>\u00a0 volen que les nenes i nens de totes les Escoles i que les noies i els nois dels instituts de Catalunya, des d\u2019Infantil fins a Cicles formatius, passant per la Prim\u00e0ria, l\u2019ESO i el Batxillerat envieu dibuixos, poemes, v\u00eddeos, cartes als Hospitals de Catalunya per a les persones que ara hi ha ingressades en els nostres hospitals i per a tot el nostre incre\u00efble personal sanitari.<\/p>\n<div class=\"addtoany_share_save_container addtoany_content_bottom\">\n<div class=\"a2a_kit a2a_kit_size_25 addtoany_list\" data-a2a-url=\"https:\/\/serveiseducatius.xtec.cat\/baixllobregat2\/general\/cartes-amb-cor-educacio-i-sanitat-bateguem-juntes\/\" data-a2a-title=\"CARTES amb COR. Educaci\u00f3 i Sanitat bateguem juntes\">Us animem a col\u00b7laborar.<\/div>\n<\/div>\n<div data-a2a-url=\"https:\/\/serveiseducatius.xtec.cat\/baixllobregat2\/general\/cartes-amb-cor-educacio-i-sanitat-bateguem-juntes\/\" data-a2a-title=\"CARTES amb COR. Educaci\u00f3 i Sanitat bateguem juntes\"><\/div>\n<div data-a2a-url=\"https:\/\/serveiseducatius.xtec.cat\/baixllobregat2\/general\/cartes-amb-cor-educacio-i-sanitat-bateguem-juntes\/\" data-a2a-title=\"CARTES amb COR. Educaci\u00f3 i Sanitat bateguem juntes\">L&#8217;<a href=\"https:\/\/twitter.com\/EscSantaSusanna\/status\/1243586997626769410\">escola Santa Susanna <\/a>de Santa Susanna i l&#8217;escola Pia de Calella hi participa!!<\/div>\n","protected":false},"excerpt":{"rendered":"<p>Aquesta \u00e9s una iniciativa que neix en unes circumst\u00e0ncies molt especials i en uns moments <a href=\"https:\/\/projectes.xtec.cat\/consescat\/portada\/cartes-amb-cor-educacio-i-sanitat-bateguem-juntes\/\" target=\"_blank\" rel=\"noopener noreferrer\"><\/a>molt dif\u00edcils per a tothom.\u00a0 Des del <a href=\"https:\/\/projectes.xtec.cat\/consescat\/portada\/cartes-amb-cor-educacio-i-sanitat-bateguem-juntes\/\" target=\"_blank\" rel=\"noopener noreferrer\">web CONSESCAT<\/a>\u00a0 volen que les nenes i nens de totes les Escoles i que les&hellip;  <a href=\"https:\/\/serveiseducatius.xtec.cat\/altmaresme\/general\/cartes-amb-cor-educacio-i-sanitat-bateguem-juntes\/\" title=\"Read CARTES amb COR. Educaci\u00f3 i Sanitat bateguem juntes\">Llegeix m\u00e9s\u00bb<\/a><\/p>\n","protected":false},"author":1,"featured_media":12044,"comment_status":"open","ping_status":"closed","sticky":false,"template":"","format":"standard","meta":{"_bbp_topic_count":0,"_bbp_reply_count":0,"_bbp_total_topic_count":0,"_bbp_total_reply_count":0,"_bbp_voice_count":0,"_bbp_anonymous_reply_count":0,"_bbp_topic_count_hidden":0,"_bbp_reply_count_hidden":0,"_bbp_forum_subforum_count":0,"footnotes":""},"categories":[1,29],"tags":[],"class_list":["post-12043","post","type-post","status-publish","format-standard","has-post-thumbnail","hentry","category-general","category-portada"],"post_mailing_queue_ids":[],"_links":{"self":[{"href":"https:\/\/serveiseducatius.xtec.cat\/altmaresme\/wp-json\/wp\/v2\/posts\/12043","targetHints":{"allow":["GET"]}}],"collection":[{"href":"https:\/\/serveiseducatius.xtec.cat\/altmaresme\/wp-json\/wp\/v2\/posts"}],"about":[{"href":"https:\/\/serveiseducatius.xtec.cat\/altmaresme\/wp-json\/wp\/v2\/types\/post"}],"author":[{"embeddable":true,"href":"https:\/\/serveiseducatius.xtec.cat\/altmaresme\/wp-json\/wp\/v2\/users\/1"}],"replies":[{"embeddable":true,"href":"https:\/\/serveiseducatius.xtec.cat\/altmaresme\/wp-json\/wp\/v2\/comments?post=12043"}],"version-history":[{"count":3,"href":"https:\/\/serveiseducatius.xtec.cat\/altmaresme\/wp-json\/wp\/v2\/posts\/12043\/revisions"}],"predecessor-version":[{"id":12114,"href":"https:\/\/serveiseducatius.xtec.cat\/altmaresme\/wp-json\/wp\/v2\/posts\/12043\/revisions\/12114"}],"wp:featuredmedia":[{"embeddable":true,"href":"https:\/\/serveiseducatius.xtec.cat\/altmaresme\/wp-json\/wp\/v2\/media\/12044"}],"wp:attachment":[{"href":"https:\/\/serveiseducatius.xtec.cat\/altmaresme\/wp-json\/wp\/v2\/media?parent=12043"}],"wp:term":[{"taxonomy":"category","embeddable":true,"href":"https:\/\/serveiseducatius.xtec.cat\/altmaresme\/wp-json\/wp\/v2\/categories?post=12043"},{"taxonomy":"post_tag","embeddable":true,"href":"https:\/\/serveiseducatius.xtec.cat\/altmaresme\/wp-json\/wp\/v2\/tags?post=12043"}],"curies":[{"name":"wp","href":"https:\/\/api.w.org\/{rel}","templated":true}]}}