{"id":11772,"date":"2020-01-16T23:58:03","date_gmt":"2020-01-16T22:58:03","guid":{"rendered":"http:\/\/serveiseducatius.xtec.cat\/altmaresme\/?p=11772"},"modified":"2020-01-19T21:06:59","modified_gmt":"2020-01-19T20:06:59","slug":"serveis-educatius-amb-accio-social-de-malgrat-de-mar-prepara-un-taller-dhabilitats-parentals","status":"publish","type":"post","link":"https:\/\/serveiseducatius.xtec.cat\/altmaresme\/portada\/serveis-educatius-amb-accio-social-de-malgrat-de-mar-prepara-un-taller-dhabilitats-parentals\/","title":{"rendered":"Serveis Educatius amb Acci\u00f3 social de Malgrat de Mar prepara un Taller d&#8217;habilitats Parentals"},"content":{"rendered":"<p style=\"text-align: justify;\">Serveis Educatius de l&#8217;At maresme amb l&#8217;Acci\u00f3 Social de Malgrat de Mar han preparat un taller d&#8217;habilitats parentals adre\u00e7at a les fam\u00edlies dels nens i nenes que cursen de 1r a 4rt de prim\u00e0ria (6 &#8211; 10 anys).<\/p>\n<p style=\"text-align: justify;\">Al taller es treballen diferents temes vinculats amb la crian\u00e7a dels nostres fills i filles, ser\u00e0 espai molt din\u00e0mics, d&#8217;interacci\u00f3 i de reflexi\u00f3 conjunta.<br \/>\nAlhora que pret\u00e9n oferir eines a l\u2019hora de manegar situacions quotidianes amb els seus fills\/es, i potenciar aspectes decisius en la generaci\u00f3 de les din\u00e0miques i relacions familiars.<\/p>\n<p style=\"text-align: justify;\">Est\u00e0 previst realitzar una primera sessi\u00f3 informativa el dilluns 20 de gener a les 9.30h a l&#8217;Escola d&#8217;Adults de Malgrat de Mar. A partir de llavors, la previsi\u00f3 \u00e9s que el taller comenci el dilluns 27 de gener i s&#8217;imparteixi en horari de 9.30 a 11.30h, a la mateixa Escola d&#8217;Adults.<\/p>\n<p><a href=\"https:\/\/drive.google.com\/open?id=0B-JWQuQwkLLVcmJaaDBFQ3hsOTZEMFVfb0EwaVBXLUE2WUhF\">Per m\u00e9s informaci\u00f3 cliqueu aqu\u00ed.<\/a><\/p>\n","protected":false},"excerpt":{"rendered":"<p>Serveis Educatius de l&#8217;At maresme amb l&#8217;Acci\u00f3 Social de Malgrat de Mar han preparat un taller d&#8217;habilitats parentals adre\u00e7at a les fam\u00edlies dels nens i nenes que cursen de 1r a 4rt de prim\u00e0ria (6 &#8211; 10 anys).<br \/>\nAl taller es treballen diferents temes vinculats amb&hellip;  <a href=\"https:\/\/serveiseducatius.xtec.cat\/altmaresme\/portada\/serveis-educatius-amb-accio-social-de-malgrat-de-mar-prepara-un-taller-dhabilitats-parentals\/\" title=\"Read Serveis Educatius amb Acci\u00f3 social de Malgrat de Mar prepara un Taller d&#8217;habilitats Parentals\">Llegeix m\u00e9s\u00bb<\/a><\/p>\n","protected":false},"author":1,"featured_media":0,"comment_status":"open","ping_status":"closed","sticky":false,"template":"","format":"standard","meta":{"_bbp_topic_count":0,"_bbp_reply_count":0,"_bbp_total_topic_count":0,"_bbp_total_reply_count":0,"_bbp_voice_count":0,"_bbp_anonymous_reply_count":0,"_bbp_topic_count_hidden":0,"_bbp_reply_count_hidden":0,"_bbp_forum_subforum_count":0,"footnotes":""},"categories":[666,29],"tags":[],"class_list":["post-11772","post","type-post","status-publish","format-standard","hentry","category-orientacio","category-portada"],"post_mailing_queue_ids":[],"_links":{"self":[{"href":"https:\/\/serveiseducatius.xtec.cat\/altmaresme\/wp-json\/wp\/v2\/posts\/11772","targetHints":{"allow":["GET"]}}],"collection":[{"href":"https:\/\/serveiseducatius.xtec.cat\/altmaresme\/wp-json\/wp\/v2\/posts"}],"about":[{"href":"https:\/\/serveiseducatius.xtec.cat\/altmaresme\/wp-json\/wp\/v2\/types\/post"}],"author":[{"embeddable":true,"href":"https:\/\/serveiseducatius.xtec.cat\/altmaresme\/wp-json\/wp\/v2\/users\/1"}],"replies":[{"embeddable":true,"href":"https:\/\/serveiseducatius.xtec.cat\/altmaresme\/wp-json\/wp\/v2\/comments?post=11772"}],"version-history":[{"count":2,"href":"https:\/\/serveiseducatius.xtec.cat\/altmaresme\/wp-json\/wp\/v2\/posts\/11772\/revisions"}],"predecessor-version":[{"id":11786,"href":"https:\/\/serveiseducatius.xtec.cat\/altmaresme\/wp-json\/wp\/v2\/posts\/11772\/revisions\/11786"}],"wp:attachment":[{"href":"https:\/\/serveiseducatius.xtec.cat\/altmaresme\/wp-json\/wp\/v2\/media?parent=11772"}],"wp:term":[{"taxonomy":"category","embeddable":true,"href":"https:\/\/serveiseducatius.xtec.cat\/altmaresme\/wp-json\/wp\/v2\/categories?post=11772"},{"taxonomy":"post_tag","embeddable":true,"href":"https:\/\/serveiseducatius.xtec.cat\/altmaresme\/wp-json\/wp\/v2\/tags?post=11772"}],"curies":[{"name":"wp","href":"https:\/\/api.w.org\/{rel}","templated":true}]}}