{"id":11699,"date":"2019-07-10T22:35:14","date_gmt":"2019-07-10T20:35:14","guid":{"rendered":"http:\/\/serveiseducatius.xtec.cat\/altmaresme\/?p=11699"},"modified":"2019-10-02T17:20:21","modified_gmt":"2019-10-02T15:20:21","slug":"jornades-dinici-de-curs-2019-2020","status":"publish","type":"post","link":"https:\/\/serveiseducatius.xtec.cat\/altmaresme\/general\/jornades-dinici-de-curs-2019-2020\/","title":{"rendered":"Jornades d&#8217;inici de curs 2019-2020"},"content":{"rendered":"<p>Us informem de les <strong>dues jornades d&#8217;inici de curs 2019- 2020<\/strong> que tindran lloc totes dues el dia <strong>6 de setembre de 9.00 a 14.00h<\/strong> a l&#8217;<strong>institut de Pineda<\/strong> de Pineda de Mar.<\/p>\n<p>Aquestes dues jornades tenen el seg\u00fcent format:<\/p>\n<p>Una per als <span style=\"text-decoration: underline;\">mestres d&#8217;infantil i prim\u00e0ria amb el t\u00edtol: Compet\u00e8ncia lectora<\/span> i, una altra per als <span style=\"text-decoration: underline;\">professors de secund\u00e0ria amb el t\u00edtol: Perdem la por a l&#8217;oralitat.<br \/>\n<\/span><\/p>\n<p>Tot i ser dues jornades de l&#8217;\u00e0mbit ling\u00fc\u00edstic compartirem gran part del programa. La franja de la presentaci\u00f3 i tallers es realitzar\u00e0 per grups amb espais diferents.<\/p>\n<p>Us facilitem el programa:<\/p>\n<p><a href=\"https:\/\/serveiseducatius.xtec.cat\/altmaresme\/wp-content\/uploads\/usu1140\/2019\/07\/Captura-de-pantalla-2019-09-03-a-las-20.16.05.png\"><img loading=\"lazy\" decoding=\"async\" class=\"aligncenter size-full wp-image-11725\" src=\"https:\/\/serveiseducatius.xtec.cat\/altmaresme\/wp-content\/uploads\/usu1140\/2019\/07\/Captura-de-pantalla-2019-09-03-a-las-20.16.05.png\" alt=\"\" width=\"1492\" height=\"1048\" srcset=\"https:\/\/serveiseducatius.xtec.cat\/altmaresme\/wp-content\/uploads\/usu1140\/2019\/07\/Captura-de-pantalla-2019-09-03-a-las-20.16.05.png 1492w, https:\/\/serveiseducatius.xtec.cat\/altmaresme\/wp-content\/uploads\/usu1140\/2019\/07\/Captura-de-pantalla-2019-09-03-a-las-20.16.05-300x211.png 300w, https:\/\/serveiseducatius.xtec.cat\/altmaresme\/wp-content\/uploads\/usu1140\/2019\/07\/Captura-de-pantalla-2019-09-03-a-las-20.16.05-768x539.png 768w, https:\/\/serveiseducatius.xtec.cat\/altmaresme\/wp-content\/uploads\/usu1140\/2019\/07\/Captura-de-pantalla-2019-09-03-a-las-20.16.05-1024x719.png 1024w\" sizes=\"auto, (max-width: 1492px) 100vw, 1492px\" \/><\/a><\/p>\n<p>Durant la pausa- esmorzar hi haur\u00e0 servei de bar a la cantina de l&#8217;institut de Pineda. Podreu aprofitar aquest espai per retrobar-vos amb companys\/es.<\/p>\n<p>Volem agra\u00efr a l&#8217;EOI, escola Mare de D\u00e9u de Montserrat i l&#8217;institut Pineda de Mar la seva col\u00b7laboraci\u00f3, implicaci\u00f3 i acollida en el pfz de l&#8217;Alt Maresme. Sense vosaltres no podria ser possible. <span style=\"font-size: small;\"><br \/>\n<\/span><\/p>\n<p>Per poder assistir a la jornada <strong>\u00e9s necessari inscripci\u00f3<\/strong>. Us facilitem l&#8217;enlla\u00e7 per realitzar la inscripci\u00f3 on tamb\u00e9 trobareu la descripci\u00f3 detallada de cada jornada.<\/p>\n<p>Jornada infantil i prim\u00e0ria:<\/p>\n<p><a href=\"https:\/\/aplicacions.gestioeducativa.gencat.cat\/pls\/soloas\/inscripcionsnp?codi=A100231A10&amp;curs=2019-2020\">inscripci\u00f3 jornada compet\u00e8ncia lectora<\/a><\/p>\n<p>Jornada secund\u00e0ria:<\/p>\n<p><a href=\"https:\/\/aplicacions.gestioeducativa.gencat.cat\/pls\/soloas\/inscripcionsnp?codi=A100221A10&amp;curs=2019-2020\">inscripci\u00f3 jornada perdem la por a l&#8217;oralitat<\/a><\/p>\n<p>En el moment de la inscripci\u00f3 us podeu trobar que us aparegui aquest missatge que annexem a continuaci\u00f3. L&#8217;aplicatiu ho detecta d&#8217;aquesta manera per\u00f2 estareu inscrits. Si entreu a les meves activitats ho podreu consultar i\/o si us intenteu tornar a inscriure us dir\u00e0 que ja esteu inscrits.<a href=\"https:\/\/serveiseducatius.xtec.cat\/altmaresme\/wp-content\/uploads\/usu1140\/2019\/07\/inscripcio\u0301-.png\"><img loading=\"lazy\" decoding=\"async\" class=\"aligncenter size-full wp-image-11716\" src=\"https:\/\/serveiseducatius.xtec.cat\/altmaresme\/wp-content\/uploads\/usu1140\/2019\/07\/inscripcio\u0301-.png\" alt=\"\" width=\"1509\" height=\"711\" srcset=\"https:\/\/serveiseducatius.xtec.cat\/altmaresme\/wp-content\/uploads\/usu1140\/2019\/07\/inscripcio\u0301-.png 1509w, https:\/\/serveiseducatius.xtec.cat\/altmaresme\/wp-content\/uploads\/usu1140\/2019\/07\/inscripcio\u0301--300x141.png 300w, https:\/\/serveiseducatius.xtec.cat\/altmaresme\/wp-content\/uploads\/usu1140\/2019\/07\/inscripcio\u0301--768x362.png 768w, https:\/\/serveiseducatius.xtec.cat\/altmaresme\/wp-content\/uploads\/usu1140\/2019\/07\/inscripcio\u0301--1024x482.png 1024w\" sizes=\"auto, (max-width: 1509px) 100vw, 1509px\" \/><\/a><\/p>\n<p>El dia 4 de setembre podreu consultar a <a href=\"http:\/\/xtec.gencat.cat\/ca\/formacio\/la-meva-formacio\/les-meves-activitats\/\">les meves activitats<\/a> les adjudicacions ja que per motius d&#8217;aforament les places seran limitades.<\/p>\n<p>Us hi esperem!!!<\/p>\n","protected":false},"excerpt":{"rendered":"<p>Us informem de les dues jornades d&#8217;inici de curs 2019- 2020 que tindran lloc totes dues el dia 6 de setembre de 9.00 a 14.00h a l&#8217;institut de Pineda de Pineda de Mar.<br \/>\nAquestes dues jornades tenen el seg\u00fcent format:<br \/>\nUna per als mestres d&#8217;infantil i prim\u00e0ria&hellip;  <a href=\"https:\/\/serveiseducatius.xtec.cat\/altmaresme\/general\/jornades-dinici-de-curs-2019-2020\/\" title=\"Read Jornades d&#8217;inici de curs 2019-2020\">Llegeix m\u00e9s\u00bb<\/a><\/p>\n","protected":false},"author":71,"featured_media":11725,"comment_status":"open","ping_status":"closed","sticky":false,"template":"","format":"standard","meta":{"_bbp_topic_count":0,"_bbp_reply_count":0,"_bbp_total_topic_count":0,"_bbp_total_reply_count":0,"_bbp_voice_count":0,"_bbp_anonymous_reply_count":0,"_bbp_topic_count_hidden":0,"_bbp_reply_count_hidden":0,"_bbp_forum_subforum_count":0,"footnotes":""},"categories":[1,29],"tags":[],"class_list":["post-11699","post","type-post","status-publish","format-standard","has-post-thumbnail","hentry","category-general","category-portada"],"post_mailing_queue_ids":[],"_links":{"self":[{"href":"https:\/\/serveiseducatius.xtec.cat\/altmaresme\/wp-json\/wp\/v2\/posts\/11699","targetHints":{"allow":["GET"]}}],"collection":[{"href":"https:\/\/serveiseducatius.xtec.cat\/altmaresme\/wp-json\/wp\/v2\/posts"}],"about":[{"href":"https:\/\/serveiseducatius.xtec.cat\/altmaresme\/wp-json\/wp\/v2\/types\/post"}],"author":[{"embeddable":true,"href":"https:\/\/serveiseducatius.xtec.cat\/altmaresme\/wp-json\/wp\/v2\/users\/71"}],"replies":[{"embeddable":true,"href":"https:\/\/serveiseducatius.xtec.cat\/altmaresme\/wp-json\/wp\/v2\/comments?post=11699"}],"version-history":[{"count":3,"href":"https:\/\/serveiseducatius.xtec.cat\/altmaresme\/wp-json\/wp\/v2\/posts\/11699\/revisions"}],"predecessor-version":[{"id":11726,"href":"https:\/\/serveiseducatius.xtec.cat\/altmaresme\/wp-json\/wp\/v2\/posts\/11699\/revisions\/11726"}],"wp:featuredmedia":[{"embeddable":true,"href":"https:\/\/serveiseducatius.xtec.cat\/altmaresme\/wp-json\/wp\/v2\/media\/11725"}],"wp:attachment":[{"href":"https:\/\/serveiseducatius.xtec.cat\/altmaresme\/wp-json\/wp\/v2\/media?parent=11699"}],"wp:term":[{"taxonomy":"category","embeddable":true,"href":"https:\/\/serveiseducatius.xtec.cat\/altmaresme\/wp-json\/wp\/v2\/categories?post=11699"},{"taxonomy":"post_tag","embeddable":true,"href":"https:\/\/serveiseducatius.xtec.cat\/altmaresme\/wp-json\/wp\/v2\/tags?post=11699"}],"curies":[{"name":"wp","href":"https:\/\/api.w.org\/{rel}","templated":true}]}}