{"id":11678,"date":"2019-06-14T13:57:01","date_gmt":"2019-06-14T11:57:01","guid":{"rendered":"http:\/\/serveiseducatius.xtec.cat\/altmaresme\/?p=11678"},"modified":"2019-06-14T13:57:34","modified_gmt":"2019-06-14T11:57:34","slug":"exposicio-petits-grans-artistes-4a-edicio","status":"publish","type":"post","link":"https:\/\/serveiseducatius.xtec.cat\/altmaresme\/general\/exposicio-petits-grans-artistes-4a-edicio\/","title":{"rendered":"Exposici\u00f3 Petits Grans Artistes- 4a edici\u00f3"},"content":{"rendered":"<p>Us informem que el <strong>divendres 14 de juny<\/strong> a les 10:30 tindr\u00e0 lloc la inauguraci\u00f3 de l&#8217;<strong>Exposici\u00f3 \u201cPetits Grans Artistes- 4a edici\u00f3<\/strong>\u201d a la Fundaci\u00f3 Palau i Fabre de Caldes d&#8217;Estrac.<br \/>\nAquesta exposici\u00f3 \u00e9s una selecci\u00f3 d&#8217;obres de l&#8217;alumnat de l&#8217;escola Sagrada Fam\u00edlia que formen part de diferents tallers i experi\u00e8ncies relacionades amb el m\u00f3n de l&#8217;art dutes a terme durant el curs 2018-19.<\/p>\n<p>&nbsp;<\/p>\n<p><a href=\"https:\/\/serveiseducatius.xtec.cat\/altmaresme\/wp-content\/uploads\/usu1140\/2019\/06\/cartell-petits-grans-artistes-2019-3.jpg\"><img loading=\"lazy\" decoding=\"async\" class=\"size-full wp-image-11679 alignnone\" src=\"https:\/\/serveiseducatius.xtec.cat\/altmaresme\/wp-content\/uploads\/usu1140\/2019\/06\/cartell-petits-grans-artistes-2019-3.jpg\" alt=\"\" width=\"1754\" height=\"2480\" srcset=\"https:\/\/serveiseducatius.xtec.cat\/altmaresme\/wp-content\/uploads\/usu1140\/2019\/06\/cartell-petits-grans-artistes-2019-3.jpg 1754w, https:\/\/serveiseducatius.xtec.cat\/altmaresme\/wp-content\/uploads\/usu1140\/2019\/06\/cartell-petits-grans-artistes-2019-3-212x300.jpg 212w, https:\/\/serveiseducatius.xtec.cat\/altmaresme\/wp-content\/uploads\/usu1140\/2019\/06\/cartell-petits-grans-artistes-2019-3-768x1086.jpg 768w, https:\/\/serveiseducatius.xtec.cat\/altmaresme\/wp-content\/uploads\/usu1140\/2019\/06\/cartell-petits-grans-artistes-2019-3-724x1024.jpg 724w\" sizes=\"auto, (max-width: 1754px) 100vw, 1754px\" \/><\/a><\/p>\n","protected":false},"excerpt":{"rendered":"<p>Us informem que el divendres 14 de juny a les 10:30 tindr\u00e0 lloc la inauguraci\u00f3 de l&#8217;Exposici\u00f3 \u201cPetits Grans Artistes- 4a edici\u00f3\u201d a la Fundaci\u00f3 Palau i Fabre de Caldes d&#8217;Estrac.<br \/>\nAquesta exposici\u00f3 \u00e9s una selecci\u00f3 d&#8217;obres de l&#8217;alumnat de l&#8217;escola Sagrada Fam\u00edlia que formen part&hellip;  <a href=\"https:\/\/serveiseducatius.xtec.cat\/altmaresme\/general\/exposicio-petits-grans-artistes-4a-edicio\/\" title=\"Read Exposici\u00f3 Petits Grans Artistes- 4a edici\u00f3\">Llegeix m\u00e9s\u00bb<\/a><\/p>\n","protected":false},"author":71,"featured_media":11679,"comment_status":"open","ping_status":"closed","sticky":false,"template":"","format":"standard","meta":{"_bbp_topic_count":0,"_bbp_reply_count":0,"_bbp_total_topic_count":0,"_bbp_total_reply_count":0,"_bbp_voice_count":0,"_bbp_anonymous_reply_count":0,"_bbp_topic_count_hidden":0,"_bbp_reply_count_hidden":0,"_bbp_forum_subforum_count":0,"footnotes":""},"categories":[1,29],"tags":[],"class_list":["post-11678","post","type-post","status-publish","format-standard","has-post-thumbnail","hentry","category-general","category-portada"],"post_mailing_queue_ids":[],"_links":{"self":[{"href":"https:\/\/serveiseducatius.xtec.cat\/altmaresme\/wp-json\/wp\/v2\/posts\/11678","targetHints":{"allow":["GET"]}}],"collection":[{"href":"https:\/\/serveiseducatius.xtec.cat\/altmaresme\/wp-json\/wp\/v2\/posts"}],"about":[{"href":"https:\/\/serveiseducatius.xtec.cat\/altmaresme\/wp-json\/wp\/v2\/types\/post"}],"author":[{"embeddable":true,"href":"https:\/\/serveiseducatius.xtec.cat\/altmaresme\/wp-json\/wp\/v2\/users\/71"}],"replies":[{"embeddable":true,"href":"https:\/\/serveiseducatius.xtec.cat\/altmaresme\/wp-json\/wp\/v2\/comments?post=11678"}],"version-history":[{"count":1,"href":"https:\/\/serveiseducatius.xtec.cat\/altmaresme\/wp-json\/wp\/v2\/posts\/11678\/revisions"}],"predecessor-version":[{"id":11680,"href":"https:\/\/serveiseducatius.xtec.cat\/altmaresme\/wp-json\/wp\/v2\/posts\/11678\/revisions\/11680"}],"wp:featuredmedia":[{"embeddable":true,"href":"https:\/\/serveiseducatius.xtec.cat\/altmaresme\/wp-json\/wp\/v2\/media\/11679"}],"wp:attachment":[{"href":"https:\/\/serveiseducatius.xtec.cat\/altmaresme\/wp-json\/wp\/v2\/media?parent=11678"}],"wp:term":[{"taxonomy":"category","embeddable":true,"href":"https:\/\/serveiseducatius.xtec.cat\/altmaresme\/wp-json\/wp\/v2\/categories?post=11678"},{"taxonomy":"post_tag","embeddable":true,"href":"https:\/\/serveiseducatius.xtec.cat\/altmaresme\/wp-json\/wp\/v2\/tags?post=11678"}],"curies":[{"name":"wp","href":"https:\/\/api.w.org\/{rel}","templated":true}]}}