{"id":11665,"date":"2019-06-10T05:52:31","date_gmt":"2019-06-10T03:52:31","guid":{"rendered":"http:\/\/serveiseducatius.xtec.cat\/altmaresme\/?p=11665"},"modified":"2019-06-10T05:54:12","modified_gmt":"2019-06-10T03:54:12","slug":"trobada-pedagogica-suport-intensiu-en-centres-ordinaris","status":"publish","type":"post","link":"https:\/\/serveiseducatius.xtec.cat\/altmaresme\/portada\/trobada-pedagogica-suport-intensiu-en-centres-ordinaris\/","title":{"rendered":"Trobada pedag\u00f2gica: Suport intensiu en centres ordinaris"},"content":{"rendered":"<p>La Secci\u00f3 de Serveis Educatius i Formaci\u00f3 Permanent del Territori ha preparat una activitat pel tercer trimestre en format de Trobada pedag\u00f2gica de professionals de centres de prim\u00e0ria i secund\u00e0ria amb SIEI, o b\u00e9, interessats en con\u00e8ixer el qu\u00e8 suposa aquest recurs.<\/p>\n<p>Espai d&#8217;intercanvi i de reflexi\u00f3 entre professionals sobre el model de &#8220;Resposta a la intervenci\u00f3&#8221;, en general, i sobre el suport intensiu, en concret.<br \/>\nTant si el vostre centre compta ara amb el recurs de SIEI (i abans havia estat una USEE, o no) com si el tindr\u00e0 en breu,&#8230; com si esteu interessats en con\u00e8ixer el qu\u00e8 suposa&#8230; us hi esperem<\/p>\n<p><a href=\"https:\/\/serveiseducatius.xtec.cat\/altmaresme\/wp-content\/uploads\/usu1140\/2019\/06\/CONVOCAR.png\"><img loading=\"lazy\" decoding=\"async\" class=\"aligncenter size-full wp-image-11667\" src=\"https:\/\/serveiseducatius.xtec.cat\/altmaresme\/wp-content\/uploads\/usu1140\/2019\/06\/CONVOCAR.png\" alt=\"\" width=\"1482\" height=\"832\" srcset=\"https:\/\/serveiseducatius.xtec.cat\/altmaresme\/wp-content\/uploads\/usu1140\/2019\/06\/CONVOCAR.png 1482w, https:\/\/serveiseducatius.xtec.cat\/altmaresme\/wp-content\/uploads\/usu1140\/2019\/06\/CONVOCAR-300x168.png 300w, https:\/\/serveiseducatius.xtec.cat\/altmaresme\/wp-content\/uploads\/usu1140\/2019\/06\/CONVOCAR-768x431.png 768w, https:\/\/serveiseducatius.xtec.cat\/altmaresme\/wp-content\/uploads\/usu1140\/2019\/06\/CONVOCAR-1024x575.png 1024w\" sizes=\"auto, (max-width: 1482px) 100vw, 1482px\" \/><\/a><\/p>\n<p>Aqu\u00ed trobareu el programa:<\/p>\n<p><a href=\"https:\/\/serveiseducatius.xtec.cat\/altmaresme\/wp-content\/uploads\/usu1140\/2019\/06\/PROGRAMA.png\"><img loading=\"lazy\" decoding=\"async\" class=\"aligncenter size-full wp-image-11668\" src=\"https:\/\/serveiseducatius.xtec.cat\/altmaresme\/wp-content\/uploads\/usu1140\/2019\/06\/PROGRAMA.png\" alt=\"\" width=\"1473\" height=\"830\" srcset=\"https:\/\/serveiseducatius.xtec.cat\/altmaresme\/wp-content\/uploads\/usu1140\/2019\/06\/PROGRAMA.png 1473w, https:\/\/serveiseducatius.xtec.cat\/altmaresme\/wp-content\/uploads\/usu1140\/2019\/06\/PROGRAMA-300x169.png 300w, https:\/\/serveiseducatius.xtec.cat\/altmaresme\/wp-content\/uploads\/usu1140\/2019\/06\/PROGRAMA-768x433.png 768w, https:\/\/serveiseducatius.xtec.cat\/altmaresme\/wp-content\/uploads\/usu1140\/2019\/06\/PROGRAMA-1024x577.png 1024w\" sizes=\"auto, (max-width: 1473px) 100vw, 1473px\" \/><\/a><\/p>\n<p>&nbsp;<\/p>\n","protected":false},"excerpt":{"rendered":"<p>La Secci\u00f3 de Serveis Educatius i Formaci\u00f3 Permanent del Territori ha preparat una activitat pel tercer trimestre en format de Trobada pedag\u00f2gica de professionals de centres de prim\u00e0ria i secund\u00e0ria amb SIEI, o b\u00e9, interessats en con\u00e8ixer el qu\u00e8 suposa aquest recurs.<br \/>\nEspai d&#8217;intercanvi i de&hellip;  <a href=\"https:\/\/serveiseducatius.xtec.cat\/altmaresme\/portada\/trobada-pedagogica-suport-intensiu-en-centres-ordinaris\/\" title=\"Read Trobada pedag\u00f2gica: Suport intensiu en centres ordinaris\">Llegeix m\u00e9s\u00bb<\/a><\/p>\n","protected":false},"author":71,"featured_media":11667,"comment_status":"open","ping_status":"closed","sticky":false,"template":"","format":"standard","meta":{"_bbp_topic_count":0,"_bbp_reply_count":0,"_bbp_total_topic_count":0,"_bbp_total_reply_count":0,"_bbp_voice_count":0,"_bbp_anonymous_reply_count":0,"_bbp_topic_count_hidden":0,"_bbp_reply_count_hidden":0,"_bbp_forum_subforum_count":0,"footnotes":""},"categories":[285,29],"tags":[],"class_list":["post-11665","post","type-post","status-publish","format-standard","has-post-thumbnail","hentry","category-dua","category-portada"],"post_mailing_queue_ids":[],"_links":{"self":[{"href":"https:\/\/serveiseducatius.xtec.cat\/altmaresme\/wp-json\/wp\/v2\/posts\/11665","targetHints":{"allow":["GET"]}}],"collection":[{"href":"https:\/\/serveiseducatius.xtec.cat\/altmaresme\/wp-json\/wp\/v2\/posts"}],"about":[{"href":"https:\/\/serveiseducatius.xtec.cat\/altmaresme\/wp-json\/wp\/v2\/types\/post"}],"author":[{"embeddable":true,"href":"https:\/\/serveiseducatius.xtec.cat\/altmaresme\/wp-json\/wp\/v2\/users\/71"}],"replies":[{"embeddable":true,"href":"https:\/\/serveiseducatius.xtec.cat\/altmaresme\/wp-json\/wp\/v2\/comments?post=11665"}],"version-history":[{"count":2,"href":"https:\/\/serveiseducatius.xtec.cat\/altmaresme\/wp-json\/wp\/v2\/posts\/11665\/revisions"}],"predecessor-version":[{"id":11670,"href":"https:\/\/serveiseducatius.xtec.cat\/altmaresme\/wp-json\/wp\/v2\/posts\/11665\/revisions\/11670"}],"wp:featuredmedia":[{"embeddable":true,"href":"https:\/\/serveiseducatius.xtec.cat\/altmaresme\/wp-json\/wp\/v2\/media\/11667"}],"wp:attachment":[{"href":"https:\/\/serveiseducatius.xtec.cat\/altmaresme\/wp-json\/wp\/v2\/media?parent=11665"}],"wp:term":[{"taxonomy":"category","embeddable":true,"href":"https:\/\/serveiseducatius.xtec.cat\/altmaresme\/wp-json\/wp\/v2\/categories?post=11665"},{"taxonomy":"post_tag","embeddable":true,"href":"https:\/\/serveiseducatius.xtec.cat\/altmaresme\/wp-json\/wp\/v2\/tags?post=11665"}],"curies":[{"name":"wp","href":"https:\/\/api.w.org\/{rel}","templated":true}]}}