{"id":11662,"date":"2019-06-03T03:51:55","date_gmt":"2019-06-03T01:51:55","guid":{"rendered":"http:\/\/serveiseducatius.xtec.cat\/altmaresme\/?p=11662"},"modified":"2019-06-03T03:55:08","modified_gmt":"2019-06-03T01:55:08","slug":"escola-montagut-presentacio-del-llibre-fabulas","status":"publish","type":"post","link":"https:\/\/serveiseducatius.xtec.cat\/altmaresme\/general\/escola-montagut-presentacio-del-llibre-fabulas\/","title":{"rendered":"Escola Montagut: presentaci\u00f3 del llibre f\u00e1bulas."},"content":{"rendered":"<p dir=\"ltr\">Benvolguts i benvolgudes<\/p>\n<p dir=\"ltr\">Som els nens i nenes de tercer de l\u2019escola Montagut de Santa Susanna.<\/p>\n<p dir=\"ltr\">Hem fet un projecte dels animals del bosc de Santa Susanna i dins d\u2019aquest treball, hem escrit unes faules que hem recollit en un llibre.<\/p>\n<p dir=\"ltr\">Us convidem a la presentaci\u00f3 del llibre f\u00e1bulas. Tamb\u00e9 podreu veure alguns del treballs realitzats durant el projecte i us explicarem part del proc\u00e9s d\u2019elaboraci\u00f3.<\/p>\n<p dir=\"ltr\">L\u2019acte el realitzarem el dijous 6 de juny, a les 17.15h a la biblioteca Vall d\u2019Alfat\u00e0.<\/p>\n<p dir=\"ltr\">Us hi esperem!<\/p>\n<div><img loading=\"lazy\" decoding=\"async\" class=\"CToWUd a6T aligncenter\" tabindex=\"0\" src=\"https:\/\/mail.google.com\/mail\/u\/1?ui=2&amp;ik=ca50c2d105&amp;attid=0.1&amp;permmsgid=msg-f:1635030625260907443&amp;th=16b0cbb0df8fabb3&amp;view=fimg&amp;sz=s0-l75-ft&amp;attbid=ANGjdJ9FiIJ8rlJPXXXMSH69iErBJ-1QPrJAGFxiNH1uDwyMGmeRZX0hThUW-FOiYmNEJa5ZSKRDkIlnv2vj6hRWmvFEedZv2s8g8vVRoHnDtvmJ7O61cXwu7gV69qc&amp;disp=emb&amp;realattid=ii_jwbqzpdp0\" alt=\"image.png\" width=\"368\" height=\"520\" data-image-whitelisted=\"\" \/><\/div>\n","protected":false},"excerpt":{"rendered":"<p>Benvolguts i benvolgudes<br \/>\nSom els nens i nenes de tercer de l\u2019escola Montagut de Santa Susanna.<br \/>\nHem fet un projecte dels animals del bosc de Santa Susanna i dins d\u2019aquest treball, hem escrit unes faules que hem recollit en un llibre.<br \/>\nUs convidem a la presentaci\u00f3 del llibre&hellip;  <a href=\"https:\/\/serveiseducatius.xtec.cat\/altmaresme\/general\/escola-montagut-presentacio-del-llibre-fabulas\/\" title=\"Read Escola Montagut: presentaci\u00f3 del llibre f\u00e1bulas.\">Llegeix m\u00e9s\u00bb<\/a><\/p>\n","protected":false},"author":71,"featured_media":11663,"comment_status":"open","ping_status":"closed","sticky":false,"template":"","format":"standard","meta":{"_bbp_topic_count":0,"_bbp_reply_count":0,"_bbp_total_topic_count":0,"_bbp_total_reply_count":0,"_bbp_voice_count":0,"_bbp_anonymous_reply_count":0,"_bbp_topic_count_hidden":0,"_bbp_reply_count_hidden":0,"_bbp_forum_subforum_count":0,"footnotes":""},"categories":[81,1,29],"tags":[],"class_list":["post-11662","post","type-post","status-publish","format-standard","has-post-thumbnail","hentry","category-biblioteca-escolar","category-general","category-portada"],"post_mailing_queue_ids":[],"_links":{"self":[{"href":"https:\/\/serveiseducatius.xtec.cat\/altmaresme\/wp-json\/wp\/v2\/posts\/11662","targetHints":{"allow":["GET"]}}],"collection":[{"href":"https:\/\/serveiseducatius.xtec.cat\/altmaresme\/wp-json\/wp\/v2\/posts"}],"about":[{"href":"https:\/\/serveiseducatius.xtec.cat\/altmaresme\/wp-json\/wp\/v2\/types\/post"}],"author":[{"embeddable":true,"href":"https:\/\/serveiseducatius.xtec.cat\/altmaresme\/wp-json\/wp\/v2\/users\/71"}],"replies":[{"embeddable":true,"href":"https:\/\/serveiseducatius.xtec.cat\/altmaresme\/wp-json\/wp\/v2\/comments?post=11662"}],"version-history":[{"count":1,"href":"https:\/\/serveiseducatius.xtec.cat\/altmaresme\/wp-json\/wp\/v2\/posts\/11662\/revisions"}],"predecessor-version":[{"id":11664,"href":"https:\/\/serveiseducatius.xtec.cat\/altmaresme\/wp-json\/wp\/v2\/posts\/11662\/revisions\/11664"}],"wp:featuredmedia":[{"embeddable":true,"href":"https:\/\/serveiseducatius.xtec.cat\/altmaresme\/wp-json\/wp\/v2\/media\/11663"}],"wp:attachment":[{"href":"https:\/\/serveiseducatius.xtec.cat\/altmaresme\/wp-json\/wp\/v2\/media?parent=11662"}],"wp:term":[{"taxonomy":"category","embeddable":true,"href":"https:\/\/serveiseducatius.xtec.cat\/altmaresme\/wp-json\/wp\/v2\/categories?post=11662"},{"taxonomy":"post_tag","embeddable":true,"href":"https:\/\/serveiseducatius.xtec.cat\/altmaresme\/wp-json\/wp\/v2\/tags?post=11662"}],"curies":[{"name":"wp","href":"https:\/\/api.w.org\/{rel}","templated":true}]}}