{"id":11656,"date":"2019-05-30T13:43:02","date_gmt":"2019-05-30T11:43:02","guid":{"rendered":"http:\/\/serveiseducatius.xtec.cat\/altmaresme\/?p=11656"},"modified":"2019-05-30T13:43:22","modified_gmt":"2019-05-30T11:43:22","slug":"xvi-certamen-de-lectura-en-veu-alta","status":"publish","type":"post","link":"https:\/\/serveiseducatius.xtec.cat\/altmaresme\/general\/xvi-certamen-de-lectura-en-veu-alta\/","title":{"rendered":"XVI Certamen de Lectura en Veu Alta"},"content":{"rendered":"<p>Ens agradaria informar-vos que ja podeu trobar publicat a la <a href=\"http:\/\/www.lecturaenveualta.cat\/bases-del-certamen\/llibres-del-xvi-certamen-de-lectura-en-veu-alta-curs-2019-2020\/\">p\u00e0gina web<\/a> del <strong>Certamen de Lectura en Veu Alta<\/strong> els llibres que es proposen per l&#8217;any vinent.<\/p>\n<p>D&#8217;altra banda, recordar tamb\u00e9 que <b>la inscripci\u00f3 al XVI Certamen<\/b> tindr\u00e0 lloc a la web de l\u2019<b>1 al 31 d\u2019octubre de 2019.<\/b><\/p>\n<p>&nbsp;<\/p>\n<p style=\"text-align: center;\"><strong>Us animem a participar-hi!<\/strong><\/p>\n<p>&nbsp;<\/p>\n","protected":false},"excerpt":{"rendered":"<p>Ens agradaria informar-vos que ja podeu trobar publicat a la <a href=\"http:\/\/www.lecturaenveualta.cat\/bases-del-certamen\/llibres-del-xvi-certamen-de-lectura-en-veu-alta-curs-2019-2020\/\">p\u00e0gina web<\/a> del Certamen de Lectura en Veu Alta els llibres que es proposen per l&#8217;any vinent.<br \/>\nD&#8217;altra banda, recordar tamb\u00e9 que la inscripci\u00f3 al XVI Certamen tindr\u00e0 lloc a la web de l\u20191 al&hellip;  <a href=\"https:\/\/serveiseducatius.xtec.cat\/altmaresme\/general\/xvi-certamen-de-lectura-en-veu-alta\/\" title=\"Read XVI Certamen de Lectura en Veu Alta\">Llegeix m\u00e9s\u00bb<\/a><\/p>\n","protected":false},"author":80,"featured_media":11657,"comment_status":"open","ping_status":"closed","sticky":false,"template":"","format":"standard","meta":{"_bbp_topic_count":0,"_bbp_reply_count":0,"_bbp_total_topic_count":0,"_bbp_total_reply_count":0,"_bbp_voice_count":0,"_bbp_anonymous_reply_count":0,"_bbp_topic_count_hidden":0,"_bbp_reply_count_hidden":0,"_bbp_forum_subforum_count":0,"footnotes":""},"categories":[81,1,72,29],"tags":[],"class_list":["post-11656","post","type-post","status-publish","format-standard","has-post-thumbnail","hentry","category-biblioteca-escolar","category-general","category-lectura-en-veu-alta","category-portada"],"post_mailing_queue_ids":[],"_links":{"self":[{"href":"https:\/\/serveiseducatius.xtec.cat\/altmaresme\/wp-json\/wp\/v2\/posts\/11656","targetHints":{"allow":["GET"]}}],"collection":[{"href":"https:\/\/serveiseducatius.xtec.cat\/altmaresme\/wp-json\/wp\/v2\/posts"}],"about":[{"href":"https:\/\/serveiseducatius.xtec.cat\/altmaresme\/wp-json\/wp\/v2\/types\/post"}],"author":[{"embeddable":true,"href":"https:\/\/serveiseducatius.xtec.cat\/altmaresme\/wp-json\/wp\/v2\/users\/80"}],"replies":[{"embeddable":true,"href":"https:\/\/serveiseducatius.xtec.cat\/altmaresme\/wp-json\/wp\/v2\/comments?post=11656"}],"version-history":[{"count":1,"href":"https:\/\/serveiseducatius.xtec.cat\/altmaresme\/wp-json\/wp\/v2\/posts\/11656\/revisions"}],"predecessor-version":[{"id":11658,"href":"https:\/\/serveiseducatius.xtec.cat\/altmaresme\/wp-json\/wp\/v2\/posts\/11656\/revisions\/11658"}],"wp:featuredmedia":[{"embeddable":true,"href":"https:\/\/serveiseducatius.xtec.cat\/altmaresme\/wp-json\/wp\/v2\/media\/11657"}],"wp:attachment":[{"href":"https:\/\/serveiseducatius.xtec.cat\/altmaresme\/wp-json\/wp\/v2\/media?parent=11656"}],"wp:term":[{"taxonomy":"category","embeddable":true,"href":"https:\/\/serveiseducatius.xtec.cat\/altmaresme\/wp-json\/wp\/v2\/categories?post=11656"},{"taxonomy":"post_tag","embeddable":true,"href":"https:\/\/serveiseducatius.xtec.cat\/altmaresme\/wp-json\/wp\/v2\/tags?post=11656"}],"curies":[{"name":"wp","href":"https:\/\/api.w.org\/{rel}","templated":true}]}}