{"id":11639,"date":"2019-05-27T21:24:41","date_gmt":"2019-05-27T19:24:41","guid":{"rendered":"http:\/\/serveiseducatius.xtec.cat\/altmaresme\/?p=11639"},"modified":"2019-05-27T21:28:49","modified_gmt":"2019-05-27T19:28:49","slug":"english-morning-a-arenys","status":"publish","type":"post","link":"https:\/\/serveiseducatius.xtec.cat\/altmaresme\/general\/english-morning-a-arenys\/","title":{"rendered":"English Morning a Arenys de Mar!"},"content":{"rendered":"<div>\n<p>El passat dilluns 20 de maig els alumnes de cinqu\u00e8 de les escoles <strong>Joan Maragall<\/strong> i <strong>Sinera d&#8217;Arenys de Mar<\/strong> van celebrar la segona edici\u00f3 de <strong>l&#8217;English Morning<\/strong> acompanyats pels alumnes de tercer de la ESO de l&#8217;institut <strong>Els tres Turons<\/strong>. Enguany l&#8217;activitat s&#8217;ha fet a l&#8217;escola Joan Maragall.<\/p>\n<p>Durant tot el mat\u00ed han pogut gaudir de tallers ( jocs i activitats) on l&#8217;angl\u00e8s ha estat el protagonista. L&#8217;objectiu \u00e9s anar m\u00e9s enll\u00e0 de la mat\u00e8ria que s&#8217;imparteix a classe i afavorir la comunicaci\u00f3 activa.<\/p>\n<p style=\"text-align: center;\"><strong>Moltes felicitats a tots els alumnes i als mestres dels centres per fer possible aquesta jornada tan m\u00e0gica!<\/strong><\/p>\n<\/div>\n<div><\/div>\n<div><\/div>\n<div><a href=\"https:\/\/serveiseducatius.xtec.cat\/altmaresme\/wp-content\/uploads\/usu1140\/2019\/05\/arenys.jpg\"><img loading=\"lazy\" decoding=\"async\" class=\"size-full wp-image-11640 aligncenter\" src=\"https:\/\/serveiseducatius.xtec.cat\/altmaresme\/wp-content\/uploads\/usu1140\/2019\/05\/arenys.jpg\" alt=\"\" width=\"404\" height=\"405\" srcset=\"https:\/\/serveiseducatius.xtec.cat\/altmaresme\/wp-content\/uploads\/usu1140\/2019\/05\/arenys.jpg 404w, https:\/\/serveiseducatius.xtec.cat\/altmaresme\/wp-content\/uploads\/usu1140\/2019\/05\/arenys-150x150.jpg 150w, https:\/\/serveiseducatius.xtec.cat\/altmaresme\/wp-content\/uploads\/usu1140\/2019\/05\/arenys-300x300.jpg 300w\" sizes=\"auto, (max-width: 404px) 100vw, 404px\" \/><\/a><\/div>\n","protected":false},"excerpt":{"rendered":"<p>El passat dilluns 20 de maig els alumnes de cinqu\u00e8 de les escoles Joan Maragall i Sinera d&#8217;Arenys de Mar van celebrar la segona edici\u00f3 de l&#8217;English Morning acompanyats pels alumnes de tercer de la ESO de l&#8217;institut Els tres Turons. Enguany l&#8217;activitat s&#8217;ha fet&hellip;  <a href=\"https:\/\/serveiseducatius.xtec.cat\/altmaresme\/general\/english-morning-a-arenys\/\" title=\"Read English Morning a Arenys de Mar!\">Llegeix m\u00e9s\u00bb<\/a><\/p>\n","protected":false},"author":80,"featured_media":11640,"comment_status":"open","ping_status":"closed","sticky":false,"template":"","format":"standard","meta":{"_bbp_topic_count":0,"_bbp_reply_count":0,"_bbp_total_topic_count":0,"_bbp_total_reply_count":0,"_bbp_voice_count":0,"_bbp_anonymous_reply_count":0,"_bbp_topic_count_hidden":0,"_bbp_reply_count_hidden":0,"_bbp_forum_subforum_count":0,"footnotes":""},"categories":[1,69,29],"tags":[],"class_list":["post-11639","post","type-post","status-publish","format-standard","has-post-thumbnail","hentry","category-general","category-plurilinguisme","category-portada"],"post_mailing_queue_ids":[],"_links":{"self":[{"href":"https:\/\/serveiseducatius.xtec.cat\/altmaresme\/wp-json\/wp\/v2\/posts\/11639","targetHints":{"allow":["GET"]}}],"collection":[{"href":"https:\/\/serveiseducatius.xtec.cat\/altmaresme\/wp-json\/wp\/v2\/posts"}],"about":[{"href":"https:\/\/serveiseducatius.xtec.cat\/altmaresme\/wp-json\/wp\/v2\/types\/post"}],"author":[{"embeddable":true,"href":"https:\/\/serveiseducatius.xtec.cat\/altmaresme\/wp-json\/wp\/v2\/users\/80"}],"replies":[{"embeddable":true,"href":"https:\/\/serveiseducatius.xtec.cat\/altmaresme\/wp-json\/wp\/v2\/comments?post=11639"}],"version-history":[{"count":3,"href":"https:\/\/serveiseducatius.xtec.cat\/altmaresme\/wp-json\/wp\/v2\/posts\/11639\/revisions"}],"predecessor-version":[{"id":11646,"href":"https:\/\/serveiseducatius.xtec.cat\/altmaresme\/wp-json\/wp\/v2\/posts\/11639\/revisions\/11646"}],"wp:featuredmedia":[{"embeddable":true,"href":"https:\/\/serveiseducatius.xtec.cat\/altmaresme\/wp-json\/wp\/v2\/media\/11640"}],"wp:attachment":[{"href":"https:\/\/serveiseducatius.xtec.cat\/altmaresme\/wp-json\/wp\/v2\/media?parent=11639"}],"wp:term":[{"taxonomy":"category","embeddable":true,"href":"https:\/\/serveiseducatius.xtec.cat\/altmaresme\/wp-json\/wp\/v2\/categories?post=11639"},{"taxonomy":"post_tag","embeddable":true,"href":"https:\/\/serveiseducatius.xtec.cat\/altmaresme\/wp-json\/wp\/v2\/tags?post=11639"}],"curies":[{"name":"wp","href":"https:\/\/api.w.org\/{rel}","templated":true}]}}