{"id":11593,"date":"2019-05-09T14:12:21","date_gmt":"2019-05-09T12:12:21","guid":{"rendered":"http:\/\/serveiseducatius.xtec.cat\/altmaresme\/?p=11593"},"modified":"2019-05-09T14:12:21","modified_gmt":"2019-05-09T12:12:21","slug":"cloenda-fem-dansa-de-lalt-maresme","status":"publish","type":"post","link":"https:\/\/serveiseducatius.xtec.cat\/altmaresme\/general\/cloenda-fem-dansa-de-lalt-maresme\/","title":{"rendered":"Cloenda &#8220;Fem Dansa&#8221; de l&#8217;Alt Maresme"},"content":{"rendered":"<p>El proper <strong>dilluns 13 de maig de 2019<\/strong> es celebrar\u00e0 la cloenda del &#8220;<strong>Fem Dansa<\/strong>&#8221; de l&#8217;Alt Maresme amb la participaci\u00f3 de les escoles Jaume Llull i Serena Vall de Sant Andreu de Llavaneres i les escoles Miseric\u00f2rdia i Tur\u00f3 del Drac de Canet de Mar.<\/p>\n<p>La ballada es dur\u00e0 a terme al Parc de Ca l&#8217;Alfaro de Sant Andreu de Llavaneres a les 10.00. Comptar\u00e0 amb la dinamitzaci\u00f3 de la Laida Tanco formadora del &#8220;Fem Dansa&#8221; i l&#8217;exhibici\u00f3 dels alumnes de 2n de batxillerat esc\u00e8nic de l&#8217;institut Dom\u00e8nech i Montaner de Canet de Mar.<\/p>\n<p>Obrir\u00e0 l&#8217;acte la Sra. Anna Sosa, Regidora d&#8217;Educaci\u00f3, i clour\u00e0 l&#8217;acte el Sr. Joan Mora, Alcalde de Sant Andreu de Llavaneres.<\/p>\n<p><strong>Esperem que llueixi el sol i la festa sigui tot un \u00e8xit!<\/strong><\/p>\n<p>&nbsp;<\/p>\n<p><a href=\"https:\/\/serveiseducatius.xtec.cat\/altmaresme\/wp-content\/uploads\/usu1140\/2019\/05\/Cartell_A3_Fem-dansa_Llavaneres.jpg\"><img loading=\"lazy\" decoding=\"async\" class=\"wp-image-11592 aligncenter\" src=\"https:\/\/serveiseducatius.xtec.cat\/altmaresme\/wp-content\/uploads\/usu1140\/2019\/05\/Cartell_A3_Fem-dansa_Llavaneres-724x1024.jpg\" alt=\"\" width=\"611\" height=\"864\" srcset=\"https:\/\/serveiseducatius.xtec.cat\/altmaresme\/wp-content\/uploads\/usu1140\/2019\/05\/Cartell_A3_Fem-dansa_Llavaneres-724x1024.jpg 724w, https:\/\/serveiseducatius.xtec.cat\/altmaresme\/wp-content\/uploads\/usu1140\/2019\/05\/Cartell_A3_Fem-dansa_Llavaneres-212x300.jpg 212w, https:\/\/serveiseducatius.xtec.cat\/altmaresme\/wp-content\/uploads\/usu1140\/2019\/05\/Cartell_A3_Fem-dansa_Llavaneres-768x1086.jpg 768w, https:\/\/serveiseducatius.xtec.cat\/altmaresme\/wp-content\/uploads\/usu1140\/2019\/05\/Cartell_A3_Fem-dansa_Llavaneres.jpg 1754w\" sizes=\"auto, (max-width: 611px) 100vw, 611px\" \/><\/a><\/p>\n","protected":false},"excerpt":{"rendered":"<p>El proper dilluns 13 de maig de 2019 es celebrar\u00e0 la cloenda del &#8220;Fem Dansa&#8221; de l&#8217;Alt Maresme amb la participaci\u00f3 de les escoles Jaume Llull i Serena Vall de Sant Andreu de Llavaneres i les escoles Miseric\u00f2rdia i Tur\u00f3 del Drac de Canet de&hellip;  <a href=\"https:\/\/serveiseducatius.xtec.cat\/altmaresme\/general\/cloenda-fem-dansa-de-lalt-maresme\/\" title=\"Read Cloenda &#8220;Fem Dansa&#8221; de l&#8217;Alt Maresme\">Llegeix m\u00e9s\u00bb<\/a><\/p>\n","protected":false},"author":73,"featured_media":11592,"comment_status":"open","ping_status":"closed","sticky":false,"template":"","format":"standard","meta":{"_bbp_topic_count":0,"_bbp_reply_count":0,"_bbp_total_topic_count":0,"_bbp_total_reply_count":0,"_bbp_voice_count":0,"_bbp_anonymous_reply_count":0,"_bbp_topic_count_hidden":0,"_bbp_reply_count_hidden":0,"_bbp_forum_subforum_count":0,"footnotes":""},"categories":[1,29],"tags":[],"class_list":["post-11593","post","type-post","status-publish","format-standard","has-post-thumbnail","hentry","category-general","category-portada"],"post_mailing_queue_ids":[],"_links":{"self":[{"href":"https:\/\/serveiseducatius.xtec.cat\/altmaresme\/wp-json\/wp\/v2\/posts\/11593","targetHints":{"allow":["GET"]}}],"collection":[{"href":"https:\/\/serveiseducatius.xtec.cat\/altmaresme\/wp-json\/wp\/v2\/posts"}],"about":[{"href":"https:\/\/serveiseducatius.xtec.cat\/altmaresme\/wp-json\/wp\/v2\/types\/post"}],"author":[{"embeddable":true,"href":"https:\/\/serveiseducatius.xtec.cat\/altmaresme\/wp-json\/wp\/v2\/users\/73"}],"replies":[{"embeddable":true,"href":"https:\/\/serveiseducatius.xtec.cat\/altmaresme\/wp-json\/wp\/v2\/comments?post=11593"}],"version-history":[{"count":1,"href":"https:\/\/serveiseducatius.xtec.cat\/altmaresme\/wp-json\/wp\/v2\/posts\/11593\/revisions"}],"predecessor-version":[{"id":11594,"href":"https:\/\/serveiseducatius.xtec.cat\/altmaresme\/wp-json\/wp\/v2\/posts\/11593\/revisions\/11594"}],"wp:featuredmedia":[{"embeddable":true,"href":"https:\/\/serveiseducatius.xtec.cat\/altmaresme\/wp-json\/wp\/v2\/media\/11592"}],"wp:attachment":[{"href":"https:\/\/serveiseducatius.xtec.cat\/altmaresme\/wp-json\/wp\/v2\/media?parent=11593"}],"wp:term":[{"taxonomy":"category","embeddable":true,"href":"https:\/\/serveiseducatius.xtec.cat\/altmaresme\/wp-json\/wp\/v2\/categories?post=11593"},{"taxonomy":"post_tag","embeddable":true,"href":"https:\/\/serveiseducatius.xtec.cat\/altmaresme\/wp-json\/wp\/v2\/tags?post=11593"}],"curies":[{"name":"wp","href":"https:\/\/api.w.org\/{rel}","templated":true}]}}