{"id":11548,"date":"2019-04-29T06:04:24","date_gmt":"2019-04-29T04:04:24","guid":{"rendered":"http:\/\/serveiseducatius.xtec.cat\/altmaresme\/?p=11548"},"modified":"2019-04-29T06:14:11","modified_gmt":"2019-04-29T04:14:11","slug":"jornada-comprensio-oral-en-llengua-estrangera-perdem-la-por","status":"publish","type":"post","link":"https:\/\/serveiseducatius.xtec.cat\/altmaresme\/portada\/jornada-comprensio-oral-en-llengua-estrangera-perdem-la-por\/","title":{"rendered":"Jornada Comprensi\u00f3 oral en llengua estrangera: perdem la por!"},"content":{"rendered":"<div class=\"entry-content\">\n<p>El proper dissabte dia <strong>11 de maig de 9.00 a 14.00h,<\/strong> a l&#8217;<strong>EOI de Calella<\/strong>, tindr\u00e0 lloc la <strong>Jornada Comprensi\u00f3 oral en llengua estrangera: perdem la por!<\/strong><\/p>\n<\/div>\n<p>En aquesta jornada es pret\u00e9n poder compartir amb els <strong>centres de secund\u00e0ria<\/strong>, reflexions, inquietuds, metodologies de treball, experi\u00e8ncies a l&#8217;aula, materials i reptes de futur per poder cercar formes d&#8217;augmentar l&#8217;exposici\u00f3 a la llengua oral en diferents lleng\u00fces..<\/p>\n<p>Aquesta activitat est\u00e0 reconeguda pel Departament d&#8217;Educaci\u00f3 i \u00e9s gratu\u00efta.<\/p>\n<h3><a href=\"https:\/\/aplicacions.gestioeducativa.gencat.cat\/pls\/soloas\/pk_for_mod_ins.p_for_exhaustiu_activitat?p_header=Detall%20d%27activitat^pk_for_mod_ins.p_for_detall_activitat?p_codi=A101151A10%26p_curs=2018-2019%26p_es_inscr=S&amp;p_codi=A101151A10&amp;p_curs=2018-2019&amp;p_es_inscr=S\">Per formalitzar la inscripci\u00f3 cliqueu aqu\u00ed<\/a><\/h3>\n<p>Us facilitem el programa:<\/p>\n<p><a href=\"https:\/\/serveiseducatius.xtec.cat\/altmaresme\/wp-content\/uploads\/usu1140\/2019\/04\/poster-jornada-formaci\u00f3-m\u00e9s-detallat.png\"><img loading=\"lazy\" decoding=\"async\" class=\"aligncenter size-full wp-image-11549\" src=\"https:\/\/serveiseducatius.xtec.cat\/altmaresme\/wp-content\/uploads\/usu1140\/2019\/04\/poster-jornada-formaci\u00f3-m\u00e9s-detallat.png\" alt=\"\" width=\"1587\" height=\"2245\" srcset=\"https:\/\/serveiseducatius.xtec.cat\/altmaresme\/wp-content\/uploads\/usu1140\/2019\/04\/poster-jornada-formaci\u00f3-m\u00e9s-detallat.png 1587w, https:\/\/serveiseducatius.xtec.cat\/altmaresme\/wp-content\/uploads\/usu1140\/2019\/04\/poster-jornada-formaci\u00f3-m\u00e9s-detallat-212x300.png 212w, https:\/\/serveiseducatius.xtec.cat\/altmaresme\/wp-content\/uploads\/usu1140\/2019\/04\/poster-jornada-formaci\u00f3-m\u00e9s-detallat-768x1086.png 768w, https:\/\/serveiseducatius.xtec.cat\/altmaresme\/wp-content\/uploads\/usu1140\/2019\/04\/poster-jornada-formaci\u00f3-m\u00e9s-detallat-724x1024.png 724w\" sizes=\"auto, (max-width: 1587px) 100vw, 1587px\" \/><\/a><\/p>\n<h3><\/h3>\n","protected":false},"excerpt":{"rendered":"<p>El proper dissabte dia 11 de maig de 9.00 a 14.00h, a l&#8217;EOI de Calella, tindr\u00e0 lloc la Jornada Comprensi\u00f3 oral en llengua estrangera: perdem la por!<\/p>\n<p>En aquesta jornada es pret\u00e9n poder compartir amb els centres de secund\u00e0ria, reflexions, inquietuds, metodologies de treball, experi\u00e8ncies a&hellip;  <a href=\"https:\/\/serveiseducatius.xtec.cat\/altmaresme\/portada\/jornada-comprensio-oral-en-llengua-estrangera-perdem-la-por\/\" title=\"Read Jornada Comprensi\u00f3 oral en llengua estrangera: perdem la por!\">Llegeix m\u00e9s\u00bb<\/a><\/p>\n","protected":false},"author":71,"featured_media":11549,"comment_status":"open","ping_status":"closed","sticky":false,"template":"","format":"standard","meta":{"_bbp_topic_count":0,"_bbp_reply_count":0,"_bbp_total_topic_count":0,"_bbp_total_reply_count":0,"_bbp_voice_count":0,"_bbp_anonymous_reply_count":0,"_bbp_topic_count_hidden":0,"_bbp_reply_count_hidden":0,"_bbp_forum_subforum_count":0,"footnotes":""},"categories":[66,29],"tags":[],"class_list":["post-11548","post","type-post","status-publish","format-standard","has-post-thumbnail","hentry","category-docencia","category-portada"],"post_mailing_queue_ids":[],"_links":{"self":[{"href":"https:\/\/serveiseducatius.xtec.cat\/altmaresme\/wp-json\/wp\/v2\/posts\/11548","targetHints":{"allow":["GET"]}}],"collection":[{"href":"https:\/\/serveiseducatius.xtec.cat\/altmaresme\/wp-json\/wp\/v2\/posts"}],"about":[{"href":"https:\/\/serveiseducatius.xtec.cat\/altmaresme\/wp-json\/wp\/v2\/types\/post"}],"author":[{"embeddable":true,"href":"https:\/\/serveiseducatius.xtec.cat\/altmaresme\/wp-json\/wp\/v2\/users\/71"}],"replies":[{"embeddable":true,"href":"https:\/\/serveiseducatius.xtec.cat\/altmaresme\/wp-json\/wp\/v2\/comments?post=11548"}],"version-history":[{"count":3,"href":"https:\/\/serveiseducatius.xtec.cat\/altmaresme\/wp-json\/wp\/v2\/posts\/11548\/revisions"}],"predecessor-version":[{"id":11553,"href":"https:\/\/serveiseducatius.xtec.cat\/altmaresme\/wp-json\/wp\/v2\/posts\/11548\/revisions\/11553"}],"wp:featuredmedia":[{"embeddable":true,"href":"https:\/\/serveiseducatius.xtec.cat\/altmaresme\/wp-json\/wp\/v2\/media\/11549"}],"wp:attachment":[{"href":"https:\/\/serveiseducatius.xtec.cat\/altmaresme\/wp-json\/wp\/v2\/media?parent=11548"}],"wp:term":[{"taxonomy":"category","embeddable":true,"href":"https:\/\/serveiseducatius.xtec.cat\/altmaresme\/wp-json\/wp\/v2\/categories?post=11548"},{"taxonomy":"post_tag","embeddable":true,"href":"https:\/\/serveiseducatius.xtec.cat\/altmaresme\/wp-json\/wp\/v2\/tags?post=11548"}],"curies":[{"name":"wp","href":"https:\/\/api.w.org\/{rel}","templated":true}]}}