{"id":11533,"date":"2019-04-28T20:30:36","date_gmt":"2019-04-28T18:30:36","guid":{"rendered":"http:\/\/serveiseducatius.xtec.cat\/altmaresme\/?p=11533"},"modified":"2019-04-28T20:30:36","modified_gmt":"2019-04-28T18:30:36","slug":"projecte-cuines-del-mon-de-lins-euclides","status":"publish","type":"post","link":"https:\/\/serveiseducatius.xtec.cat\/altmaresme\/general\/projecte-cuines-del-mon-de-lins-euclides\/","title":{"rendered":"Projecte &#8220;Cuines del m\u00f3n&#8221; de l&#8217;INS Euclides"},"content":{"rendered":"<p>El projecte &#8220;Cuines del m\u00f3n&#8221; que s&#8217;ha dut a terme en el primer quadrimestre de l&#8217;EST\u00cdMUL (Grup de PDC) de l&#8217;INS Euclides, ha estat seleccionat per la Crida 360 de la Fundaci\u00f3 Jaume Bofill i participar\u00e0 en un proc\u00e9s de capacitaci\u00f3 per millorar i construir propostes que connectin espais i temps educatius.<\/p>\n<div><span style=\"color: #5c6873; font-family: Open Sans, sans-serif;\"><a href=\"https:\/\/serveiseducatius.xtec.cat\/altmaresme\/wp-content\/uploads\/usu1140\/2019\/04\/Captura-de-pantalla-2019-04-28-a-las-20.27.38.png\"><img loading=\"lazy\" decoding=\"async\" class=\"aligncenter size-full wp-image-11534\" src=\"https:\/\/serveiseducatius.xtec.cat\/altmaresme\/wp-content\/uploads\/usu1140\/2019\/04\/Captura-de-pantalla-2019-04-28-a-las-20.27.38.png\" alt=\"\" width=\"744\" height=\"226\" srcset=\"https:\/\/serveiseducatius.xtec.cat\/altmaresme\/wp-content\/uploads\/usu1140\/2019\/04\/Captura-de-pantalla-2019-04-28-a-las-20.27.38.png 744w, https:\/\/serveiseducatius.xtec.cat\/altmaresme\/wp-content\/uploads\/usu1140\/2019\/04\/Captura-de-pantalla-2019-04-28-a-las-20.27.38-300x91.png 300w\" sizes=\"auto, (max-width: 744px) 100vw, 744px\" \/><\/a><\/span><\/p>\n<div><a href=\"https:\/\/www.educacio360.cat\/crida-centres-educatius-360\/\" target=\"_blank\" rel=\"noopener\" data-saferedirecturl=\"https:\/\/www.google.com\/url?q=https:\/\/www.educacio360.cat\/crida-centres-educatius-360\/&amp;source=gmail&amp;ust=1556559802129000&amp;usg=AFQjCNHOFml6doLDYGFGVDP8TlInGMdAdA\">https:\/\/www.educacio360.cat\/<wbr \/>crida-centres-educatius-360\/<\/a><\/div>\n<\/div>\n","protected":false},"excerpt":{"rendered":"<p>El projecte &#8220;Cuines del m\u00f3n&#8221; que s&#8217;ha dut a terme en el primer quadrimestre de l&#8217;EST\u00cdMUL (Grup de PDC) de l&#8217;INS Euclides, ha estat seleccionat per la Crida 360 de la Fundaci\u00f3 Jaume Bofill i participar\u00e0 en un proc\u00e9s de capacitaci\u00f3 per millorar i construir&hellip;  <a href=\"https:\/\/serveiseducatius.xtec.cat\/altmaresme\/general\/projecte-cuines-del-mon-de-lins-euclides\/\" title=\"Read Projecte &#8220;Cuines del m\u00f3n&#8221; de l&#8217;INS Euclides\">Llegeix m\u00e9s\u00bb<\/a><\/p>\n","protected":false},"author":71,"featured_media":11534,"comment_status":"open","ping_status":"closed","sticky":false,"template":"","format":"standard","meta":{"_bbp_topic_count":0,"_bbp_reply_count":0,"_bbp_total_topic_count":0,"_bbp_total_reply_count":0,"_bbp_voice_count":0,"_bbp_anonymous_reply_count":0,"_bbp_topic_count_hidden":0,"_bbp_reply_count_hidden":0,"_bbp_forum_subforum_count":0,"footnotes":""},"categories":[1,29],"tags":[],"class_list":["post-11533","post","type-post","status-publish","format-standard","has-post-thumbnail","hentry","category-general","category-portada"],"post_mailing_queue_ids":[],"_links":{"self":[{"href":"https:\/\/serveiseducatius.xtec.cat\/altmaresme\/wp-json\/wp\/v2\/posts\/11533","targetHints":{"allow":["GET"]}}],"collection":[{"href":"https:\/\/serveiseducatius.xtec.cat\/altmaresme\/wp-json\/wp\/v2\/posts"}],"about":[{"href":"https:\/\/serveiseducatius.xtec.cat\/altmaresme\/wp-json\/wp\/v2\/types\/post"}],"author":[{"embeddable":true,"href":"https:\/\/serveiseducatius.xtec.cat\/altmaresme\/wp-json\/wp\/v2\/users\/71"}],"replies":[{"embeddable":true,"href":"https:\/\/serveiseducatius.xtec.cat\/altmaresme\/wp-json\/wp\/v2\/comments?post=11533"}],"version-history":[{"count":1,"href":"https:\/\/serveiseducatius.xtec.cat\/altmaresme\/wp-json\/wp\/v2\/posts\/11533\/revisions"}],"predecessor-version":[{"id":11535,"href":"https:\/\/serveiseducatius.xtec.cat\/altmaresme\/wp-json\/wp\/v2\/posts\/11533\/revisions\/11535"}],"wp:featuredmedia":[{"embeddable":true,"href":"https:\/\/serveiseducatius.xtec.cat\/altmaresme\/wp-json\/wp\/v2\/media\/11534"}],"wp:attachment":[{"href":"https:\/\/serveiseducatius.xtec.cat\/altmaresme\/wp-json\/wp\/v2\/media?parent=11533"}],"wp:term":[{"taxonomy":"category","embeddable":true,"href":"https:\/\/serveiseducatius.xtec.cat\/altmaresme\/wp-json\/wp\/v2\/categories?post=11533"},{"taxonomy":"post_tag","embeddable":true,"href":"https:\/\/serveiseducatius.xtec.cat\/altmaresme\/wp-json\/wp\/v2\/tags?post=11533"}],"curies":[{"name":"wp","href":"https:\/\/api.w.org\/{rel}","templated":true}]}}