{"id":11529,"date":"2019-04-28T20:00:32","date_gmt":"2019-04-28T18:00:32","guid":{"rendered":"http:\/\/serveiseducatius.xtec.cat\/altmaresme\/?p=11529"},"modified":"2019-04-28T20:00:32","modified_gmt":"2019-04-28T18:00:32","slug":"najac-alumnes-de-4rt-d-eso-de-l-ins-euclides","status":"publish","type":"post","link":"https:\/\/serveiseducatius.xtec.cat\/altmaresme\/general\/najac-alumnes-de-4rt-d-eso-de-l-ins-euclides\/","title":{"rendered":"NAJAC alumnes de 4rt d&#8217; ESO de l&#8217; INS Euclides"},"content":{"rendered":"<p>La producci\u00f3\u00a0<strong>NAJAC realitzada per alumnes de 4rt d&#8217; ESO de l&#8217; INS Euclides\u00a0<\/strong>ha\u00a0estat seleccionada per formar part de la Selecci\u00f3 Oficial de la 12a edici\u00f3 del Festival de Cinema FIC CAT dins de la categoria CENTRES EDUCATIUS.<\/p>\n<p><a href=\"https:\/\/serveiseducatius.xtec.cat\/altmaresme\/wp-content\/uploads\/usu1140\/2019\/04\/llorer_ficcat19_4.png\"><img loading=\"lazy\" decoding=\"async\" class=\"aligncenter size-full wp-image-11530\" src=\"https:\/\/serveiseducatius.xtec.cat\/altmaresme\/wp-content\/uploads\/usu1140\/2019\/04\/llorer_ficcat19_4.png\" alt=\"\" width=\"2480\" height=\"1754\" srcset=\"https:\/\/serveiseducatius.xtec.cat\/altmaresme\/wp-content\/uploads\/usu1140\/2019\/04\/llorer_ficcat19_4.png 2480w, https:\/\/serveiseducatius.xtec.cat\/altmaresme\/wp-content\/uploads\/usu1140\/2019\/04\/llorer_ficcat19_4-300x212.png 300w, https:\/\/serveiseducatius.xtec.cat\/altmaresme\/wp-content\/uploads\/usu1140\/2019\/04\/llorer_ficcat19_4-768x543.png 768w, https:\/\/serveiseducatius.xtec.cat\/altmaresme\/wp-content\/uploads\/usu1140\/2019\/04\/llorer_ficcat19_4-1024x724.png 1024w\" sizes=\"auto, (max-width: 2480px) 100vw, 2480px\" \/><\/a><\/p>\n<p>En el marc del FIC-CAT 2019, la producci\u00f3 optar\u00e0 al premi del Jurat de la seva modalitat i al premi a la millor direcci\u00f3 de fotografia, aix\u00ed com al premi del p\u00fablic.<\/p>\n","protected":false},"excerpt":{"rendered":"<p>La producci\u00f3\u00a0NAJAC realitzada per alumnes de 4rt d&#8217; ESO de l&#8217; INS Euclides\u00a0ha\u00a0estat seleccionada per formar part de la Selecci\u00f3 Oficial de la 12a edici\u00f3 del Festival de Cinema FIC CAT dins de la categoria CENTRES EDUCATIUS.<br \/>\n<a href=\"https:\/\/serveiseducatius.xtec.cat\/altmaresme\/wp-content\/uploads\/usu1140\/2019\/04\/llorer_ficcat19_4.png\"><\/a><br \/>\nEn el marc del FIC-CAT 2019, la producci\u00f3&hellip;  <a href=\"https:\/\/serveiseducatius.xtec.cat\/altmaresme\/general\/najac-alumnes-de-4rt-d-eso-de-l-ins-euclides\/\" title=\"Read NAJAC alumnes de 4rt d&#8217; ESO de l&#8217; INS Euclides\">Llegeix m\u00e9s\u00bb<\/a><\/p>\n","protected":false},"author":71,"featured_media":11530,"comment_status":"open","ping_status":"closed","sticky":false,"template":"","format":"standard","meta":{"_bbp_topic_count":0,"_bbp_reply_count":0,"_bbp_total_topic_count":0,"_bbp_total_reply_count":0,"_bbp_voice_count":0,"_bbp_anonymous_reply_count":0,"_bbp_topic_count_hidden":0,"_bbp_reply_count_hidden":0,"_bbp_forum_subforum_count":0,"footnotes":""},"categories":[1,29],"tags":[],"class_list":["post-11529","post","type-post","status-publish","format-standard","has-post-thumbnail","hentry","category-general","category-portada"],"post_mailing_queue_ids":[],"_links":{"self":[{"href":"https:\/\/serveiseducatius.xtec.cat\/altmaresme\/wp-json\/wp\/v2\/posts\/11529","targetHints":{"allow":["GET"]}}],"collection":[{"href":"https:\/\/serveiseducatius.xtec.cat\/altmaresme\/wp-json\/wp\/v2\/posts"}],"about":[{"href":"https:\/\/serveiseducatius.xtec.cat\/altmaresme\/wp-json\/wp\/v2\/types\/post"}],"author":[{"embeddable":true,"href":"https:\/\/serveiseducatius.xtec.cat\/altmaresme\/wp-json\/wp\/v2\/users\/71"}],"replies":[{"embeddable":true,"href":"https:\/\/serveiseducatius.xtec.cat\/altmaresme\/wp-json\/wp\/v2\/comments?post=11529"}],"version-history":[{"count":2,"href":"https:\/\/serveiseducatius.xtec.cat\/altmaresme\/wp-json\/wp\/v2\/posts\/11529\/revisions"}],"predecessor-version":[{"id":11532,"href":"https:\/\/serveiseducatius.xtec.cat\/altmaresme\/wp-json\/wp\/v2\/posts\/11529\/revisions\/11532"}],"wp:featuredmedia":[{"embeddable":true,"href":"https:\/\/serveiseducatius.xtec.cat\/altmaresme\/wp-json\/wp\/v2\/media\/11530"}],"wp:attachment":[{"href":"https:\/\/serveiseducatius.xtec.cat\/altmaresme\/wp-json\/wp\/v2\/media?parent=11529"}],"wp:term":[{"taxonomy":"category","embeddable":true,"href":"https:\/\/serveiseducatius.xtec.cat\/altmaresme\/wp-json\/wp\/v2\/categories?post=11529"},{"taxonomy":"post_tag","embeddable":true,"href":"https:\/\/serveiseducatius.xtec.cat\/altmaresme\/wp-json\/wp\/v2\/tags?post=11529"}],"curies":[{"name":"wp","href":"https:\/\/api.w.org\/{rel}","templated":true}]}}