{"id":11486,"date":"2019-04-12T16:59:53","date_gmt":"2019-04-12T14:59:53","guid":{"rendered":"http:\/\/serveiseducatius.xtec.cat\/altmaresme\/?p=11486"},"modified":"2019-04-26T12:56:25","modified_gmt":"2019-04-26T10:56:25","slug":"15a-cantanta-de-pineda-2019","status":"publish","type":"post","link":"https:\/\/serveiseducatius.xtec.cat\/altmaresme\/general\/15a-cantanta-de-pineda-2019\/","title":{"rendered":"15a Cantanta de Pineda 2019"},"content":{"rendered":"<p style=\"text-align: left;\">Aquest mat\u00ed s&#8217;ha celebrat a Can Xaubet la <strong>15a Cantata de Pineda de Mar<\/strong> amb la participaci\u00f3 de les escoles: Aloc, Antoni Doltra, CEE Horitz\u00f3, Jaume I, FEDAC, Sant Jordi, Mediterr\u00e0nia, Poblenou i Montpalau. Ha comptat amb la col\u00b7laboraci\u00f3 dels m\u00fasics Pol Maresma (baix), Xavi Zamora (teclat), Pep Romaguera (guitarra el\u00e8ctrica i baix) i Adri\u00e0 Sanz (bateria).<\/p>\n<p style=\"text-align: left;\">Volem felicitar l&#8217;\u00e8xit d&#8217;aquest acte a totes les escoles participants i a l&#8217;Ajuntament de Pineda de Mar per l&#8217;organitzaci\u00f3 de l&#8217;acte, aix\u00ed com als m\u00fasics que ens han obsequiat amb la m\u00fasica en directe. Hem pogut cantar i ballar amb la m\u00fasica dels anys 80. Per\u00f2 els veritables protagonistes s\u00f3n els nens si nenes que han cantat i ballat per a tots nosaltres.<\/p>\n<p style=\"text-align: center;\"><strong>ENHORABONA ALS I A LES CANTAIRES!<\/strong><\/p>\n<p><a href=\"https:\/\/serveiseducatius.xtec.cat\/altmaresme\/wp-content\/uploads\/usu1140\/2019\/04\/20190412_094807.jpg\"><img loading=\"lazy\" decoding=\"async\" class=\"alignnone wp-image-11488\" src=\"https:\/\/serveiseducatius.xtec.cat\/altmaresme\/wp-content\/uploads\/usu1140\/2019\/04\/20190412_094807-1024x576.jpg\" alt=\"\" width=\"406\" height=\"228\" srcset=\"https:\/\/serveiseducatius.xtec.cat\/altmaresme\/wp-content\/uploads\/usu1140\/2019\/04\/20190412_094807-1024x576.jpg 1024w, https:\/\/serveiseducatius.xtec.cat\/altmaresme\/wp-content\/uploads\/usu1140\/2019\/04\/20190412_094807-300x169.jpg 300w, https:\/\/serveiseducatius.xtec.cat\/altmaresme\/wp-content\/uploads\/usu1140\/2019\/04\/20190412_094807-768x432.jpg 768w\" sizes=\"auto, (max-width: 406px) 100vw, 406px\" \/><\/a> <a href=\"https:\/\/serveiseducatius.xtec.cat\/altmaresme\/wp-content\/uploads\/usu1140\/2019\/04\/20190412_095040.jpg\"><img loading=\"lazy\" decoding=\"async\" class=\"alignnone wp-image-11489\" src=\"https:\/\/serveiseducatius.xtec.cat\/altmaresme\/wp-content\/uploads\/usu1140\/2019\/04\/20190412_095040-1024x576.jpg\" alt=\"\" width=\"404\" height=\"227\" srcset=\"https:\/\/serveiseducatius.xtec.cat\/altmaresme\/wp-content\/uploads\/usu1140\/2019\/04\/20190412_095040-1024x576.jpg 1024w, https:\/\/serveiseducatius.xtec.cat\/altmaresme\/wp-content\/uploads\/usu1140\/2019\/04\/20190412_095040-300x169.jpg 300w, https:\/\/serveiseducatius.xtec.cat\/altmaresme\/wp-content\/uploads\/usu1140\/2019\/04\/20190412_095040-768x432.jpg 768w\" sizes=\"auto, (max-width: 404px) 100vw, 404px\" \/><\/a> <a href=\"https:\/\/serveiseducatius.xtec.cat\/altmaresme\/wp-content\/uploads\/usu1140\/2019\/04\/20190412_111958.jpg\"><img loading=\"lazy\" decoding=\"async\" class=\"alignnone wp-image-11490\" src=\"https:\/\/serveiseducatius.xtec.cat\/altmaresme\/wp-content\/uploads\/usu1140\/2019\/04\/20190412_111958-1024x576.jpg\" alt=\"\" width=\"408\" height=\"230\" srcset=\"https:\/\/serveiseducatius.xtec.cat\/altmaresme\/wp-content\/uploads\/usu1140\/2019\/04\/20190412_111958-1024x576.jpg 1024w, https:\/\/serveiseducatius.xtec.cat\/altmaresme\/wp-content\/uploads\/usu1140\/2019\/04\/20190412_111958-300x169.jpg 300w, https:\/\/serveiseducatius.xtec.cat\/altmaresme\/wp-content\/uploads\/usu1140\/2019\/04\/20190412_111958-768x432.jpg 768w\" sizes=\"auto, (max-width: 408px) 100vw, 408px\" \/><\/a> <a href=\"https:\/\/serveiseducatius.xtec.cat\/altmaresme\/wp-content\/uploads\/usu1140\/2019\/04\/20190412_112432.jpg\"><img loading=\"lazy\" decoding=\"async\" class=\"alignnone wp-image-11491\" src=\"https:\/\/serveiseducatius.xtec.cat\/altmaresme\/wp-content\/uploads\/usu1140\/2019\/04\/20190412_112432-1024x576.jpg\" alt=\"\" width=\"407\" height=\"229\" srcset=\"https:\/\/serveiseducatius.xtec.cat\/altmaresme\/wp-content\/uploads\/usu1140\/2019\/04\/20190412_112432-1024x576.jpg 1024w, https:\/\/serveiseducatius.xtec.cat\/altmaresme\/wp-content\/uploads\/usu1140\/2019\/04\/20190412_112432-300x169.jpg 300w, https:\/\/serveiseducatius.xtec.cat\/altmaresme\/wp-content\/uploads\/usu1140\/2019\/04\/20190412_112432-768x432.jpg 768w\" sizes=\"auto, (max-width: 407px) 100vw, 407px\" \/><\/a><\/p>\n<p>Per veure la resta de fotografies de la diada, <a href=\"https:\/\/drive.google.com\/drive\/folders\/1bn5H7Bn_3xF-XZv_P_EF4bucOLovbIxQ?usp=sharing\">cliqueu aqu\u00ed.<\/a><\/p>\n<p>&nbsp;<\/p>\n","protected":false},"excerpt":{"rendered":"<p>Aquest mat\u00ed s&#8217;ha celebrat a Can Xaubet la 15a Cantata de Pineda de Mar amb la participaci\u00f3 de les escoles: Aloc, Antoni Doltra, CEE Horitz\u00f3, Jaume I, FEDAC, Sant Jordi, Mediterr\u00e0nia, Poblenou i Montpalau. Ha comptat amb la col\u00b7laboraci\u00f3 dels m\u00fasics Pol Maresma (baix), Xavi&hellip;  <a href=\"https:\/\/serveiseducatius.xtec.cat\/altmaresme\/general\/15a-cantanta-de-pineda-2019\/\" title=\"Read 15a Cantanta de Pineda 2019\">Llegeix m\u00e9s\u00bb<\/a><\/p>\n","protected":false},"author":73,"featured_media":11487,"comment_status":"open","ping_status":"closed","sticky":false,"template":"","format":"standard","meta":{"_bbp_topic_count":0,"_bbp_reply_count":0,"_bbp_total_topic_count":0,"_bbp_total_reply_count":0,"_bbp_voice_count":0,"_bbp_anonymous_reply_count":0,"_bbp_topic_count_hidden":0,"_bbp_reply_count_hidden":0,"_bbp_forum_subforum_count":0,"footnotes":""},"categories":[1,29],"tags":[],"class_list":["post-11486","post","type-post","status-publish","format-standard","has-post-thumbnail","hentry","category-general","category-portada"],"post_mailing_queue_ids":[],"_links":{"self":[{"href":"https:\/\/serveiseducatius.xtec.cat\/altmaresme\/wp-json\/wp\/v2\/posts\/11486","targetHints":{"allow":["GET"]}}],"collection":[{"href":"https:\/\/serveiseducatius.xtec.cat\/altmaresme\/wp-json\/wp\/v2\/posts"}],"about":[{"href":"https:\/\/serveiseducatius.xtec.cat\/altmaresme\/wp-json\/wp\/v2\/types\/post"}],"author":[{"embeddable":true,"href":"https:\/\/serveiseducatius.xtec.cat\/altmaresme\/wp-json\/wp\/v2\/users\/73"}],"replies":[{"embeddable":true,"href":"https:\/\/serveiseducatius.xtec.cat\/altmaresme\/wp-json\/wp\/v2\/comments?post=11486"}],"version-history":[{"count":3,"href":"https:\/\/serveiseducatius.xtec.cat\/altmaresme\/wp-json\/wp\/v2\/posts\/11486\/revisions"}],"predecessor-version":[{"id":11526,"href":"https:\/\/serveiseducatius.xtec.cat\/altmaresme\/wp-json\/wp\/v2\/posts\/11486\/revisions\/11526"}],"wp:featuredmedia":[{"embeddable":true,"href":"https:\/\/serveiseducatius.xtec.cat\/altmaresme\/wp-json\/wp\/v2\/media\/11487"}],"wp:attachment":[{"href":"https:\/\/serveiseducatius.xtec.cat\/altmaresme\/wp-json\/wp\/v2\/media?parent=11486"}],"wp:term":[{"taxonomy":"category","embeddable":true,"href":"https:\/\/serveiseducatius.xtec.cat\/altmaresme\/wp-json\/wp\/v2\/categories?post=11486"},{"taxonomy":"post_tag","embeddable":true,"href":"https:\/\/serveiseducatius.xtec.cat\/altmaresme\/wp-json\/wp\/v2\/tags?post=11486"}],"curies":[{"name":"wp","href":"https:\/\/api.w.org\/{rel}","templated":true}]}}