{"id":11470,"date":"2019-04-10T09:07:58","date_gmt":"2019-04-10T07:07:58","guid":{"rendered":"http:\/\/serveiseducatius.xtec.cat\/altmaresme\/?p=11470"},"modified":"2019-04-10T09:11:50","modified_gmt":"2019-04-10T07:11:50","slug":"ii-jornada-dinnovacio-pedagogica","status":"publish","type":"post","link":"https:\/\/serveiseducatius.xtec.cat\/altmaresme\/general\/ii-jornada-dinnovacio-pedagogica\/","title":{"rendered":"II Jornada d&#8217;Innovaci\u00f3 Pedag\u00f2gica"},"content":{"rendered":"<p><span style=\"font-family: arial, helvetica, sans-serif;\">Aquesta jornada s&#8217;organitza amb l\u2019objectiu de\u00a0 donar suport, difondre i transferir les innovacions contrastades i certificades.\u00a0<\/span><\/p>\n<p>Les persones assistents trien cinc experi\u00e8ncies de centre d\u2019entre les 78 que s\u2019ofereixen. D\u2019aquestes cinc, finalment se n\u2019adjudiquen tres establint un itinerari personalitzat per a cada participant.<\/p>\n<p><span style=\"font-family: arial, helvetica, sans-serif;\">Cada centre explica la seva experi\u00e8ncia dues vegades en un temps de 20 minuts a un grup redu\u00eft de persones pr\u00e8viament inscrites.\u00a0<\/span><\/p>\n<p><a href=\"https:\/\/serveiseducatius.xtec.cat\/altmaresme\/wp-content\/uploads\/usu1140\/2019\/04\/jornadainnovacio.png\"><img loading=\"lazy\" decoding=\"async\" class=\"aligncenter wp-image-11471\" src=\"https:\/\/serveiseducatius.xtec.cat\/altmaresme\/wp-content\/uploads\/usu1140\/2019\/04\/jornadainnovacio.png\" alt=\"\" width=\"740\" height=\"237\" srcset=\"https:\/\/serveiseducatius.xtec.cat\/altmaresme\/wp-content\/uploads\/usu1140\/2019\/04\/jornadainnovacio.png 996w, https:\/\/serveiseducatius.xtec.cat\/altmaresme\/wp-content\/uploads\/usu1140\/2019\/04\/jornadainnovacio-300x96.png 300w, https:\/\/serveiseducatius.xtec.cat\/altmaresme\/wp-content\/uploads\/usu1140\/2019\/04\/jornadainnovacio-768x246.png 768w\" sizes=\"auto, (max-width: 740px) 100vw, 740px\" \/><\/a><\/p>\n<div>\n<div><b>En total participen:<\/b><\/div>\n<div>\n<ul>\n<li>24 programes d\u2019innovaci\u00f3 pedag\u00f2gica . Cada programa presenta l\u2019experi\u00e8ncia de 2 centres<\/li>\n<li>30 projectes de centre (3 per cada Servei Territorial) certificats d\u2019innovaci\u00f3 pedag\u00f2gica en la convocat\u00f2ria Resoluci\u00f3 ENS\/1542\/2018, de 2 de juliol, per la qual s&#8217;obre convocat\u00f2ria p\u00fablica per al reconeixement de projectes d&#8217;innovaci\u00f3 pedag\u00f2gica de centres educatius.<\/li>\n<li>Cada programa d\u2019innovaci\u00f3 disposa d\u2019un estand on les persones assistents es poden dirigir per con\u00e8ixer el Programa i interactuar directament amb les persones que el gestionen.<\/li>\n<li>Tamb\u00e9 hi sertan presents amb un estan els Camps d&#8217;Aprenentatge del Departament d&#8217;Educaci\u00f3<\/li>\n<\/ul>\n<\/div>\n<\/div>\n<div><span style=\"font-family: arial, helvetica, sans-serif;\">Trobareu tota la informaci\u00f3 al\u00a0<a href=\"https:\/\/blocs.xtec.cat\/jornadainnovaciopedagogica\/\" target=\"_blank\" rel=\"noopener\" data-saferedirecturl=\"https:\/\/www.google.com\/url?q=https:\/\/blocs.xtec.cat\/jornadainnovaciopedagogica\/&amp;source=gmail&amp;ust=1554964106256000&amp;usg=AFQjCNFD-xok2VbJvdmkZ8_O5c-RHfv2Ow\">BLOC DE LA JORNADA<\/a><\/span><\/div>\n","protected":false},"excerpt":{"rendered":"<p>Aquesta jornada s&#8217;organitza amb l\u2019objectiu de\u00a0 donar suport, difondre i transferir les innovacions contrastades i certificades.\u00a0<br \/>\nLes persones assistents trien cinc experi\u00e8ncies de centre d\u2019entre les 78 que s\u2019ofereixen. D\u2019aquestes cinc, finalment se n\u2019adjudiquen tres establint un itinerari personalitzat per a cada participant.<br \/>\nCada centre explica la&hellip;  <a href=\"https:\/\/serveiseducatius.xtec.cat\/altmaresme\/general\/ii-jornada-dinnovacio-pedagogica\/\" title=\"Read II Jornada d&#8217;Innovaci\u00f3 Pedag\u00f2gica\">Llegeix m\u00e9s\u00bb<\/a><\/p>\n","protected":false},"author":71,"featured_media":11471,"comment_status":"open","ping_status":"closed","sticky":false,"template":"","format":"standard","meta":{"_bbp_topic_count":0,"_bbp_reply_count":0,"_bbp_total_topic_count":0,"_bbp_total_reply_count":0,"_bbp_voice_count":0,"_bbp_anonymous_reply_count":0,"_bbp_topic_count_hidden":0,"_bbp_reply_count_hidden":0,"_bbp_forum_subforum_count":0,"footnotes":""},"categories":[1,29],"tags":[],"class_list":["post-11470","post","type-post","status-publish","format-standard","has-post-thumbnail","hentry","category-general","category-portada"],"post_mailing_queue_ids":[],"_links":{"self":[{"href":"https:\/\/serveiseducatius.xtec.cat\/altmaresme\/wp-json\/wp\/v2\/posts\/11470","targetHints":{"allow":["GET"]}}],"collection":[{"href":"https:\/\/serveiseducatius.xtec.cat\/altmaresme\/wp-json\/wp\/v2\/posts"}],"about":[{"href":"https:\/\/serveiseducatius.xtec.cat\/altmaresme\/wp-json\/wp\/v2\/types\/post"}],"author":[{"embeddable":true,"href":"https:\/\/serveiseducatius.xtec.cat\/altmaresme\/wp-json\/wp\/v2\/users\/71"}],"replies":[{"embeddable":true,"href":"https:\/\/serveiseducatius.xtec.cat\/altmaresme\/wp-json\/wp\/v2\/comments?post=11470"}],"version-history":[{"count":3,"href":"https:\/\/serveiseducatius.xtec.cat\/altmaresme\/wp-json\/wp\/v2\/posts\/11470\/revisions"}],"predecessor-version":[{"id":11473,"href":"https:\/\/serveiseducatius.xtec.cat\/altmaresme\/wp-json\/wp\/v2\/posts\/11470\/revisions\/11473"}],"wp:featuredmedia":[{"embeddable":true,"href":"https:\/\/serveiseducatius.xtec.cat\/altmaresme\/wp-json\/wp\/v2\/media\/11471"}],"wp:attachment":[{"href":"https:\/\/serveiseducatius.xtec.cat\/altmaresme\/wp-json\/wp\/v2\/media?parent=11470"}],"wp:term":[{"taxonomy":"category","embeddable":true,"href":"https:\/\/serveiseducatius.xtec.cat\/altmaresme\/wp-json\/wp\/v2\/categories?post=11470"},{"taxonomy":"post_tag","embeddable":true,"href":"https:\/\/serveiseducatius.xtec.cat\/altmaresme\/wp-json\/wp\/v2\/tags?post=11470"}],"curies":[{"name":"wp","href":"https:\/\/api.w.org\/{rel}","templated":true}]}}