{"id":11459,"date":"2019-04-04T10:25:29","date_gmt":"2019-04-04T08:25:29","guid":{"rendered":"http:\/\/serveiseducatius.xtec.cat\/altmaresme\/?p=11459"},"modified":"2019-04-04T10:27:19","modified_gmt":"2019-04-04T08:27:19","slug":"15a-edicio-de-la-cantada-escolar-de-pineda","status":"publish","type":"post","link":"https:\/\/serveiseducatius.xtec.cat\/altmaresme\/general\/15a-edicio-de-la-cantada-escolar-de-pineda\/","title":{"rendered":"15a edici\u00f3 de la Cantada Escolar de Pineda"},"content":{"rendered":"<p>Els i les alumnes de les escoles de Pineda celebraran la <strong>15a edici\u00f3 de la Cantada Escolar de Pineda<\/strong>\u00a0 que enguany porta el lema &#8220;<strong>Cantem al m\u00fasica dels anys 80&#8243;<\/strong>.<\/p>\n<p>La cantata es dur\u00e0 a terme <strong>divendres 12 d&#8217;abril de 2019<\/strong> al camp municipal d&#8217;esports de <strong>Can Xaubet amb entrada lliure.<\/strong><\/p>\n<p>L&#8217;acte <strong>comen\u00e7ar\u00e0 a les 10&#8217;15h<\/strong> i a m\u00e9s a m\u00e9s de la participaci\u00f3 de les escoles Aloc, Antoni Doltra, CEE Horitz\u00f3, Jaume I, FEDAC, Sant Jordi, Mediterr\u00e0nia, Poblenou i Montpalau, la cantada comptar\u00e0 amb la col\u00b7laboraci\u00f3 dels m\u00fasics Pol Maresma (baix), Xavi Zamora (teclat), Pep Romaguera (guitarra el\u00e8ctrica i baix) i Adri\u00e0 Sanz (bateria).<\/p>\n<p><a href=\"https:\/\/serveiseducatius.xtec.cat\/altmaresme\/wp-content\/uploads\/usu1140\/2019\/04\/Cantada-Escolar.png\"><img loading=\"lazy\" decoding=\"async\" class=\"aligncenter size-full wp-image-11460\" src=\"https:\/\/serveiseducatius.xtec.cat\/altmaresme\/wp-content\/uploads\/usu1140\/2019\/04\/Cantada-Escolar.png\" alt=\"\" width=\"1102\" height=\"1662\" srcset=\"https:\/\/serveiseducatius.xtec.cat\/altmaresme\/wp-content\/uploads\/usu1140\/2019\/04\/Cantada-Escolar.png 1102w, https:\/\/serveiseducatius.xtec.cat\/altmaresme\/wp-content\/uploads\/usu1140\/2019\/04\/Cantada-Escolar-199x300.png 199w, https:\/\/serveiseducatius.xtec.cat\/altmaresme\/wp-content\/uploads\/usu1140\/2019\/04\/Cantada-Escolar-768x1158.png 768w, https:\/\/serveiseducatius.xtec.cat\/altmaresme\/wp-content\/uploads\/usu1140\/2019\/04\/Cantada-Escolar-679x1024.png 679w\" sizes=\"auto, (max-width: 1102px) 100vw, 1102px\" \/><\/a><\/p>\n<p>Col\u00b7laboren Servei Educatiu Alt Maresme, Regidoria d&#8217;Esports de l&#8217;Ajuntament de Pineda, l&#8217;INS Euclides, R\u00e0dio Pineda, Creu Roja, Policia local i Brigada Municipal i mestres de m\u00fasica de les escoles de Pineda de Mar.<\/p>\n","protected":false},"excerpt":{"rendered":"<p>Els i les alumnes de les escoles de Pineda celebraran la 15a edici\u00f3 de la Cantada Escolar de Pineda\u00a0 que enguany porta el lema &#8220;Cantem al m\u00fasica dels anys 80&#8243;.<br \/>\nLa cantata es dur\u00e0 a terme divendres 12 d&#8217;abril de 2019 al camp municipal d&#8217;esports de&hellip;  <a href=\"https:\/\/serveiseducatius.xtec.cat\/altmaresme\/general\/15a-edicio-de-la-cantada-escolar-de-pineda\/\" title=\"Read 15a edici\u00f3 de la Cantada Escolar de Pineda\">Llegeix m\u00e9s\u00bb<\/a><\/p>\n","protected":false},"author":71,"featured_media":11460,"comment_status":"open","ping_status":"closed","sticky":false,"template":"","format":"standard","meta":{"_bbp_topic_count":0,"_bbp_reply_count":0,"_bbp_total_topic_count":0,"_bbp_total_reply_count":0,"_bbp_voice_count":0,"_bbp_anonymous_reply_count":0,"_bbp_topic_count_hidden":0,"_bbp_reply_count_hidden":0,"_bbp_forum_subforum_count":0,"footnotes":""},"categories":[1,29],"tags":[],"class_list":["post-11459","post","type-post","status-publish","format-standard","has-post-thumbnail","hentry","category-general","category-portada"],"post_mailing_queue_ids":[],"_links":{"self":[{"href":"https:\/\/serveiseducatius.xtec.cat\/altmaresme\/wp-json\/wp\/v2\/posts\/11459","targetHints":{"allow":["GET"]}}],"collection":[{"href":"https:\/\/serveiseducatius.xtec.cat\/altmaresme\/wp-json\/wp\/v2\/posts"}],"about":[{"href":"https:\/\/serveiseducatius.xtec.cat\/altmaresme\/wp-json\/wp\/v2\/types\/post"}],"author":[{"embeddable":true,"href":"https:\/\/serveiseducatius.xtec.cat\/altmaresme\/wp-json\/wp\/v2\/users\/71"}],"replies":[{"embeddable":true,"href":"https:\/\/serveiseducatius.xtec.cat\/altmaresme\/wp-json\/wp\/v2\/comments?post=11459"}],"version-history":[{"count":1,"href":"https:\/\/serveiseducatius.xtec.cat\/altmaresme\/wp-json\/wp\/v2\/posts\/11459\/revisions"}],"predecessor-version":[{"id":11461,"href":"https:\/\/serveiseducatius.xtec.cat\/altmaresme\/wp-json\/wp\/v2\/posts\/11459\/revisions\/11461"}],"wp:featuredmedia":[{"embeddable":true,"href":"https:\/\/serveiseducatius.xtec.cat\/altmaresme\/wp-json\/wp\/v2\/media\/11460"}],"wp:attachment":[{"href":"https:\/\/serveiseducatius.xtec.cat\/altmaresme\/wp-json\/wp\/v2\/media?parent=11459"}],"wp:term":[{"taxonomy":"category","embeddable":true,"href":"https:\/\/serveiseducatius.xtec.cat\/altmaresme\/wp-json\/wp\/v2\/categories?post=11459"},{"taxonomy":"post_tag","embeddable":true,"href":"https:\/\/serveiseducatius.xtec.cat\/altmaresme\/wp-json\/wp\/v2\/tags?post=11459"}],"curies":[{"name":"wp","href":"https:\/\/api.w.org\/{rel}","templated":true}]}}