{"id":11414,"date":"2019-03-18T13:16:53","date_gmt":"2019-03-18T12:16:53","guid":{"rendered":"http:\/\/serveiseducatius.xtec.cat\/altmaresme\/?p=11414"},"modified":"2019-04-04T06:49:33","modified_gmt":"2019-04-04T04:49:33","slug":"iii-jornada-dorientacio-a-lalt-maresme","status":"publish","type":"post","link":"https:\/\/serveiseducatius.xtec.cat\/altmaresme\/general\/iii-jornada-dorientacio-a-lalt-maresme\/","title":{"rendered":"III Jornada d&#8217;Orientaci\u00f3 a l&#8217;Alt Maresme"},"content":{"rendered":"<p>El proper\u00a0<strong>divendres 29 de mar\u00e7 de 2019\u00a0<\/strong>es dur\u00e0 a terme la <span style=\"text-decoration: underline;\"><strong>III Jornada d&#8217;Orientaci\u00f3 a l&#8217;Alt Maresme<\/strong><\/span> a la<strong> F\u00e0brica Llobet de Calella.<\/strong><\/p>\n<p>S&#8217;han organitzat tallers i xerrades dinamitzades pels professionals dels Cicles Formatius de Grau Mitj\u00e0, Grau Superior, Programes\u00a0de Formaci\u00f3 i Inserci\u00f3, Itineraris formatius espec\u00edfics i Formaci\u00f3 d\u2019Adults.<\/p>\n<p>La jornada estar\u00e0 oberta <strong>pels centres de 9 a 14h<\/strong>\u00a0amb la novetat que s&#8217;obrir\u00e0 <strong>al p\u00fablic en general de 12.30 a 14h<\/strong>.<\/p>\n<p><a href=\"https:\/\/serveiseducatius.xtec.cat\/altmaresme\/wp-content\/uploads\/usu1140\/2019\/03\/Captura-de-pantalla-2019-04-04-a-las-6.26.58-1.png\"><img loading=\"lazy\" decoding=\"async\" class=\"aligncenter size-full wp-image-11453\" src=\"https:\/\/serveiseducatius.xtec.cat\/altmaresme\/wp-content\/uploads\/usu1140\/2019\/03\/Captura-de-pantalla-2019-04-04-a-las-6.26.58-1.png\" alt=\"\" width=\"1680\" height=\"1188\" srcset=\"https:\/\/serveiseducatius.xtec.cat\/altmaresme\/wp-content\/uploads\/usu1140\/2019\/03\/Captura-de-pantalla-2019-04-04-a-las-6.26.58-1.png 1680w, https:\/\/serveiseducatius.xtec.cat\/altmaresme\/wp-content\/uploads\/usu1140\/2019\/03\/Captura-de-pantalla-2019-04-04-a-las-6.26.58-1-300x212.png 300w, https:\/\/serveiseducatius.xtec.cat\/altmaresme\/wp-content\/uploads\/usu1140\/2019\/03\/Captura-de-pantalla-2019-04-04-a-las-6.26.58-1-768x543.png 768w, https:\/\/serveiseducatius.xtec.cat\/altmaresme\/wp-content\/uploads\/usu1140\/2019\/03\/Captura-de-pantalla-2019-04-04-a-las-6.26.58-1-1024x724.png 1024w\" sizes=\"auto, (max-width: 1680px) 100vw, 1680px\" \/><\/a><a href=\"https:\/\/serveiseducatius.xtec.cat\/altmaresme\/wp-content\/uploads\/usu1140\/2019\/03\/Captura-de-pantalla-2019-04-04-a-las-6.48.29.png\"><img loading=\"lazy\" decoding=\"async\" class=\"aligncenter size-full wp-image-11457\" src=\"https:\/\/serveiseducatius.xtec.cat\/altmaresme\/wp-content\/uploads\/usu1140\/2019\/03\/Captura-de-pantalla-2019-04-04-a-las-6.48.29.png\" alt=\"\" width=\"1684\" height=\"1176\" srcset=\"https:\/\/serveiseducatius.xtec.cat\/altmaresme\/wp-content\/uploads\/usu1140\/2019\/03\/Captura-de-pantalla-2019-04-04-a-las-6.48.29.png 1684w, https:\/\/serveiseducatius.xtec.cat\/altmaresme\/wp-content\/uploads\/usu1140\/2019\/03\/Captura-de-pantalla-2019-04-04-a-las-6.48.29-300x210.png 300w, https:\/\/serveiseducatius.xtec.cat\/altmaresme\/wp-content\/uploads\/usu1140\/2019\/03\/Captura-de-pantalla-2019-04-04-a-las-6.48.29-768x536.png 768w, https:\/\/serveiseducatius.xtec.cat\/altmaresme\/wp-content\/uploads\/usu1140\/2019\/03\/Captura-de-pantalla-2019-04-04-a-las-6.48.29-1024x715.png 1024w\" sizes=\"auto, (max-width: 1684px) 100vw, 1684px\" \/><\/a><\/p>\n<p>Tamb\u00e9 ens ha acompanyat radio Calella us mostrem un <a href=\"http:\/\/www.radiocalella.cat\/videos\/video-acompanyem-els-joves-a-descobrir-loferta-de-formacio-professional\/\">v\u00eddeo de la jornada<\/a><\/p>\n<p>&nbsp;<\/p>\n","protected":false},"excerpt":{"rendered":"<p>El proper\u00a0divendres 29 de mar\u00e7 de 2019\u00a0es dur\u00e0 a terme la III Jornada d&#8217;Orientaci\u00f3 a l&#8217;Alt Maresme a la F\u00e0brica Llobet de Calella.<br \/>\nS&#8217;han organitzat tallers i xerrades dinamitzades pels professionals dels Cicles Formatius de Grau Mitj\u00e0, Grau Superior, Programes\u00a0de Formaci\u00f3 i Inserci\u00f3, Itineraris formatius espec\u00edfics&hellip;  <a href=\"https:\/\/serveiseducatius.xtec.cat\/altmaresme\/general\/iii-jornada-dorientacio-a-lalt-maresme\/\" title=\"Read III Jornada d&#8217;Orientaci\u00f3 a l&#8217;Alt Maresme\">Llegeix m\u00e9s\u00bb<\/a><\/p>\n","protected":false},"author":71,"featured_media":11452,"comment_status":"open","ping_status":"closed","sticky":false,"template":"","format":"standard","meta":{"_bbp_topic_count":0,"_bbp_reply_count":0,"_bbp_total_topic_count":0,"_bbp_total_reply_count":0,"_bbp_voice_count":0,"_bbp_anonymous_reply_count":0,"_bbp_topic_count_hidden":0,"_bbp_reply_count_hidden":0,"_bbp_forum_subforum_count":0,"footnotes":""},"categories":[1,666,29],"tags":[],"class_list":["post-11414","post","type-post","status-publish","format-standard","has-post-thumbnail","hentry","category-general","category-orientacio","category-portada"],"post_mailing_queue_ids":[],"_links":{"self":[{"href":"https:\/\/serveiseducatius.xtec.cat\/altmaresme\/wp-json\/wp\/v2\/posts\/11414","targetHints":{"allow":["GET"]}}],"collection":[{"href":"https:\/\/serveiseducatius.xtec.cat\/altmaresme\/wp-json\/wp\/v2\/posts"}],"about":[{"href":"https:\/\/serveiseducatius.xtec.cat\/altmaresme\/wp-json\/wp\/v2\/types\/post"}],"author":[{"embeddable":true,"href":"https:\/\/serveiseducatius.xtec.cat\/altmaresme\/wp-json\/wp\/v2\/users\/71"}],"replies":[{"embeddable":true,"href":"https:\/\/serveiseducatius.xtec.cat\/altmaresme\/wp-json\/wp\/v2\/comments?post=11414"}],"version-history":[{"count":3,"href":"https:\/\/serveiseducatius.xtec.cat\/altmaresme\/wp-json\/wp\/v2\/posts\/11414\/revisions"}],"predecessor-version":[{"id":11449,"href":"https:\/\/serveiseducatius.xtec.cat\/altmaresme\/wp-json\/wp\/v2\/posts\/11414\/revisions\/11449"}],"wp:featuredmedia":[{"embeddable":true,"href":"https:\/\/serveiseducatius.xtec.cat\/altmaresme\/wp-json\/wp\/v2\/media\/11452"}],"wp:attachment":[{"href":"https:\/\/serveiseducatius.xtec.cat\/altmaresme\/wp-json\/wp\/v2\/media?parent=11414"}],"wp:term":[{"taxonomy":"category","embeddable":true,"href":"https:\/\/serveiseducatius.xtec.cat\/altmaresme\/wp-json\/wp\/v2\/categories?post=11414"},{"taxonomy":"post_tag","embeddable":true,"href":"https:\/\/serveiseducatius.xtec.cat\/altmaresme\/wp-json\/wp\/v2\/tags?post=11414"}],"curies":[{"name":"wp","href":"https:\/\/api.w.org\/{rel}","templated":true}]}}