{"id":11376,"date":"2019-02-12T13:44:37","date_gmt":"2019-02-12T12:44:37","guid":{"rendered":"http:\/\/serveiseducatius.xtec.cat\/altmaresme\/?p=11376"},"modified":"2019-02-12T13:46:19","modified_gmt":"2019-02-12T12:46:19","slug":"vi-jocs-florals-escolars-de-catalunya","status":"publish","type":"post","link":"https:\/\/serveiseducatius.xtec.cat\/altmaresme\/general\/vi-jocs-florals-escolars-de-catalunya\/","title":{"rendered":"VI Jocs Florals Escolars de Catalunya."},"content":{"rendered":"<p>&nbsp;<\/p>\n<p style=\"font-weight: 400;\">Aquesta sisena convocat\u00f2ria s\u2019adre\u00e7a als alumnes d\u2019educaci\u00f3 prim\u00e0ria i als d\u2019educaci\u00f3 secund\u00e0ria obligat\u00f2ria amb la finalitat de <strong>promoure el gust per la lectura i l\u2019escriptura, estimulant aix\u00ed, l\u2019expressi\u00f3 escrita dels alumnes.<\/strong><\/p>\n<p><a href=\"https:\/\/serveiseducatius.xtec.cat\/altmaresme\/wp-content\/uploads\/usu1140\/2019\/02\/actualitat-553x553-jocs-florals-catalunya-2016-cloenda.jpg_1595044798.jpg\"><img loading=\"lazy\" decoding=\"async\" class=\"wp-image-11377 alignleft\" src=\"https:\/\/serveiseducatius.xtec.cat\/altmaresme\/wp-content\/uploads\/usu1140\/2019\/02\/actualitat-553x553-jocs-florals-catalunya-2016-cloenda.jpg_1595044798.jpg\" alt=\"\" width=\"197\" height=\"197\" srcset=\"https:\/\/serveiseducatius.xtec.cat\/altmaresme\/wp-content\/uploads\/usu1140\/2019\/02\/actualitat-553x553-jocs-florals-catalunya-2016-cloenda.jpg_1595044798.jpg 538w, https:\/\/serveiseducatius.xtec.cat\/altmaresme\/wp-content\/uploads\/usu1140\/2019\/02\/actualitat-553x553-jocs-florals-catalunya-2016-cloenda.jpg_1595044798-150x150.jpg 150w, https:\/\/serveiseducatius.xtec.cat\/altmaresme\/wp-content\/uploads\/usu1140\/2019\/02\/actualitat-553x553-jocs-florals-catalunya-2016-cloenda.jpg_1595044798-300x300.jpg 300w\" sizes=\"auto, (max-width: 197px) 100vw, 197px\" \/><\/a><\/p>\n<p>Aquesta setmana finalitza la inscripci\u00f3 dels \u00a0VI\u00a0Jocs Florals Escolars de Catalunya.<\/p>\n<p style=\"font-weight: 400;\">La participaci\u00f3 \u00e9s volunt\u00e0ria, us animem a participar!<\/p>\n<p>&nbsp;<\/p>\n<p style=\"font-weight: 400;\"><a href=\"http:\/\/xtec.gencat.cat\/ca\/centres\/alscentres\/premis\/jocsflorals\/1819\/\" data-saferedirecturl=\"https:\/\/www.google.com\/url?q=http:\/\/xtec.gencat.cat\/ca\/centres\/alscentres\/premis\/jocsflorals\/1819\/&amp;source=gmail&amp;ust=1550060831832000&amp;usg=AFQjCNE2GnYVY_oil52dxQMvtidyuats0w\">Per a m\u00e9s informaci\u00f3&#8230;<\/a><\/p>\n","protected":false},"excerpt":{"rendered":"<p>&nbsp;<br \/>\nAquesta sisena convocat\u00f2ria s\u2019adre\u00e7a als alumnes d\u2019educaci\u00f3 prim\u00e0ria i als d\u2019educaci\u00f3 secund\u00e0ria obligat\u00f2ria amb la finalitat de promoure el gust per la lectura i l\u2019escriptura, estimulant aix\u00ed, l\u2019expressi\u00f3 escrita dels alumnes.<br \/>\n<a href=\"https:\/\/serveiseducatius.xtec.cat\/altmaresme\/wp-content\/uploads\/usu1140\/2019\/02\/actualitat-553x553-jocs-florals-catalunya-2016-cloenda.jpg_1595044798.jpg\"><\/a><br \/>\nAquesta setmana finalitza la inscripci\u00f3 dels \u00a0VI\u00a0Jocs Florals Escolars de Catalunya.<br \/>\nLa participaci\u00f3 \u00e9s volunt\u00e0ria,&hellip;  <a href=\"https:\/\/serveiseducatius.xtec.cat\/altmaresme\/general\/vi-jocs-florals-escolars-de-catalunya\/\" title=\"Read VI Jocs Florals Escolars de Catalunya.\">Llegeix m\u00e9s\u00bb<\/a><\/p>\n","protected":false},"author":80,"featured_media":11377,"comment_status":"open","ping_status":"closed","sticky":false,"template":"","format":"standard","meta":{"_bbp_topic_count":0,"_bbp_reply_count":0,"_bbp_total_topic_count":0,"_bbp_total_reply_count":0,"_bbp_voice_count":0,"_bbp_anonymous_reply_count":0,"_bbp_topic_count_hidden":0,"_bbp_reply_count_hidden":0,"_bbp_forum_subforum_count":0,"footnotes":""},"categories":[1,71,29],"tags":[],"class_list":["post-11376","post","type-post","status-publish","format-standard","has-post-thumbnail","hentry","category-general","category-jocs-florals","category-portada"],"post_mailing_queue_ids":[],"_links":{"self":[{"href":"https:\/\/serveiseducatius.xtec.cat\/altmaresme\/wp-json\/wp\/v2\/posts\/11376","targetHints":{"allow":["GET"]}}],"collection":[{"href":"https:\/\/serveiseducatius.xtec.cat\/altmaresme\/wp-json\/wp\/v2\/posts"}],"about":[{"href":"https:\/\/serveiseducatius.xtec.cat\/altmaresme\/wp-json\/wp\/v2\/types\/post"}],"author":[{"embeddable":true,"href":"https:\/\/serveiseducatius.xtec.cat\/altmaresme\/wp-json\/wp\/v2\/users\/80"}],"replies":[{"embeddable":true,"href":"https:\/\/serveiseducatius.xtec.cat\/altmaresme\/wp-json\/wp\/v2\/comments?post=11376"}],"version-history":[{"count":3,"href":"https:\/\/serveiseducatius.xtec.cat\/altmaresme\/wp-json\/wp\/v2\/posts\/11376\/revisions"}],"predecessor-version":[{"id":11382,"href":"https:\/\/serveiseducatius.xtec.cat\/altmaresme\/wp-json\/wp\/v2\/posts\/11376\/revisions\/11382"}],"wp:featuredmedia":[{"embeddable":true,"href":"https:\/\/serveiseducatius.xtec.cat\/altmaresme\/wp-json\/wp\/v2\/media\/11377"}],"wp:attachment":[{"href":"https:\/\/serveiseducatius.xtec.cat\/altmaresme\/wp-json\/wp\/v2\/media?parent=11376"}],"wp:term":[{"taxonomy":"category","embeddable":true,"href":"https:\/\/serveiseducatius.xtec.cat\/altmaresme\/wp-json\/wp\/v2\/categories?post=11376"},{"taxonomy":"post_tag","embeddable":true,"href":"https:\/\/serveiseducatius.xtec.cat\/altmaresme\/wp-json\/wp\/v2\/tags?post=11376"}],"curies":[{"name":"wp","href":"https:\/\/api.w.org\/{rel}","templated":true}]}}