{"id":11370,"date":"2019-02-12T13:24:06","date_gmt":"2019-02-12T12:24:06","guid":{"rendered":"http:\/\/serveiseducatius.xtec.cat\/altmaresme\/?p=11370"},"modified":"2019-02-12T13:25:23","modified_gmt":"2019-02-12T12:25:23","slug":"programa-xi-jornada-de-programacio-i-robotica-esducatives","status":"publish","type":"post","link":"https:\/\/serveiseducatius.xtec.cat\/altmaresme\/general\/programa-xi-jornada-de-programacio-i-robotica-esducatives\/","title":{"rendered":"Programa XI Jornada de Programaci\u00f3 i Rob\u00f2tica Esducatives"},"content":{"rendered":"<p>El dia\u00a0<strong>18 de maig de 2019<\/strong>\u00a0se celebrar\u00e0 l\u2019<strong>onzena edici\u00f3<\/strong>\u00a0de la\u00a0<strong>Jornada Programa<\/strong>, dedicada a l\u2019intercanvi d\u2019experi\u00e8ncies did\u00e0ctiques on s\u2019empren entorns de programaci\u00f3 i de rob\u00f2tica educatives.<\/p>\n<p>Aquesta trobada est\u00e0 especialment adre\u00e7ada als docents de\u00a0prim\u00e0ria i de secund\u00e0ria interessats en l\u2019\u00fas de la programaci\u00f3 i la rob\u00f2tica en els seus entorns d\u2019aula, per\u00f2 tamb\u00e9 est\u00e0 oberta a altres professionals interessats en la tem\u00e0tica. Tanmateix, des de fa uns anys, tamb\u00e9 hi participen alumnes, acompanyats pels seus professors, en la mostra de treballs realitzats per l\u2019alumnat.<\/p>\n<p><a href=\"https:\/\/serveiseducatius.xtec.cat\/altmaresme\/wp-content\/uploads\/usu1140\/2019\/02\/1-1.png\"><img loading=\"lazy\" decoding=\"async\" class=\"aligncenter size-full wp-image-11373\" src=\"https:\/\/serveiseducatius.xtec.cat\/altmaresme\/wp-content\/uploads\/usu1140\/2019\/02\/1-1.png\" alt=\"\" width=\"975\" height=\"247\" srcset=\"https:\/\/serveiseducatius.xtec.cat\/altmaresme\/wp-content\/uploads\/usu1140\/2019\/02\/1-1.png 975w, https:\/\/serveiseducatius.xtec.cat\/altmaresme\/wp-content\/uploads\/usu1140\/2019\/02\/1-1-300x76.png 300w, https:\/\/serveiseducatius.xtec.cat\/altmaresme\/wp-content\/uploads\/usu1140\/2019\/02\/1-1-768x195.png 768w\" sizes=\"auto, (max-width: 975px) 100vw, 975px\" \/><\/a><\/p>\n<p>La Jornada de programaci\u00f3 i rob\u00f2tica educatives es duu a terme, des de la seva primera edici\u00f3, emmarcada dins del Dia Internacional d\u2019Internet, el\u00a0<a href=\"https:\/\/day.scratch.mit.edu\/events\/7697\" target=\"_blank\" rel=\"noopener\">Dia Internacional de l\u2019Scratch<\/a>\u00a0i, darrerament, la\u00a0<a href=\"http:\/\/codeweek.eu\/\" target=\"_blank\" rel=\"noopener\">Europe Code Week<\/a>.<\/p>\n","protected":false},"excerpt":{"rendered":"<p>El dia\u00a018 de maig de 2019\u00a0se celebrar\u00e0 l\u2019onzena edici\u00f3\u00a0de la\u00a0Jornada Programa, dedicada a l\u2019intercanvi d\u2019experi\u00e8ncies did\u00e0ctiques on s\u2019empren entorns de programaci\u00f3 i de rob\u00f2tica educatives.<br \/>\nAquesta trobada est\u00e0 especialment adre\u00e7ada als docents de\u00a0prim\u00e0ria i de secund\u00e0ria interessats en l\u2019\u00fas de la programaci\u00f3 i la rob\u00f2tica en&hellip;  <a href=\"https:\/\/serveiseducatius.xtec.cat\/altmaresme\/general\/programa-xi-jornada-de-programacio-i-robotica-esducatives\/\" title=\"Read Programa XI Jornada de Programaci\u00f3 i Rob\u00f2tica Esducatives\">Llegeix m\u00e9s\u00bb<\/a><\/p>\n","protected":false},"author":71,"featured_media":11373,"comment_status":"open","ping_status":"closed","sticky":false,"template":"","format":"standard","meta":{"_bbp_topic_count":0,"_bbp_reply_count":0,"_bbp_total_topic_count":0,"_bbp_total_reply_count":0,"_bbp_voice_count":0,"_bbp_anonymous_reply_count":0,"_bbp_topic_count_hidden":0,"_bbp_reply_count_hidden":0,"_bbp_forum_subforum_count":0,"footnotes":""},"categories":[1,29],"tags":[],"class_list":["post-11370","post","type-post","status-publish","format-standard","has-post-thumbnail","hentry","category-general","category-portada"],"post_mailing_queue_ids":[],"_links":{"self":[{"href":"https:\/\/serveiseducatius.xtec.cat\/altmaresme\/wp-json\/wp\/v2\/posts\/11370","targetHints":{"allow":["GET"]}}],"collection":[{"href":"https:\/\/serveiseducatius.xtec.cat\/altmaresme\/wp-json\/wp\/v2\/posts"}],"about":[{"href":"https:\/\/serveiseducatius.xtec.cat\/altmaresme\/wp-json\/wp\/v2\/types\/post"}],"author":[{"embeddable":true,"href":"https:\/\/serveiseducatius.xtec.cat\/altmaresme\/wp-json\/wp\/v2\/users\/71"}],"replies":[{"embeddable":true,"href":"https:\/\/serveiseducatius.xtec.cat\/altmaresme\/wp-json\/wp\/v2\/comments?post=11370"}],"version-history":[{"count":3,"href":"https:\/\/serveiseducatius.xtec.cat\/altmaresme\/wp-json\/wp\/v2\/posts\/11370\/revisions"}],"predecessor-version":[{"id":11375,"href":"https:\/\/serveiseducatius.xtec.cat\/altmaresme\/wp-json\/wp\/v2\/posts\/11370\/revisions\/11375"}],"wp:featuredmedia":[{"embeddable":true,"href":"https:\/\/serveiseducatius.xtec.cat\/altmaresme\/wp-json\/wp\/v2\/media\/11373"}],"wp:attachment":[{"href":"https:\/\/serveiseducatius.xtec.cat\/altmaresme\/wp-json\/wp\/v2\/media?parent=11370"}],"wp:term":[{"taxonomy":"category","embeddable":true,"href":"https:\/\/serveiseducatius.xtec.cat\/altmaresme\/wp-json\/wp\/v2\/categories?post=11370"},{"taxonomy":"post_tag","embeddable":true,"href":"https:\/\/serveiseducatius.xtec.cat\/altmaresme\/wp-json\/wp\/v2\/tags?post=11370"}],"curies":[{"name":"wp","href":"https:\/\/api.w.org\/{rel}","templated":true}]}}