{"id":11200,"date":"2018-10-05T05:21:24","date_gmt":"2018-10-05T03:21:24","guid":{"rendered":"http:\/\/serveiseducatius.xtec.cat\/altmaresme\/?p=11200"},"modified":"2018-10-05T05:42:42","modified_gmt":"2018-10-05T03:42:42","slug":"xxvi-jornada-de-reflexio-identitats-cultures-educacio","status":"publish","type":"post","link":"https:\/\/serveiseducatius.xtec.cat\/altmaresme\/general\/xxvi-jornada-de-reflexio-identitats-cultures-educacio\/","title":{"rendered":"XXVI Jornada de reflexi\u00f3. Identitats, cultures, educaci\u00f3"},"content":{"rendered":"<p><a href=\"http:\/\/serveiseducatius.xtec.cat\/altmaresme\/wp-content\/uploads\/usu1140\/2018\/10\/Captura-de-pantalla-2018-10-05-a-las-5.32.57.png\"><img loading=\"lazy\" decoding=\"async\" class=\"size-full wp-image-11210 aligncenter\" src=\"http:\/\/serveiseducatius.xtec.cat\/altmaresme\/wp-content\/uploads\/usu1140\/2018\/10\/Captura-de-pantalla-2018-10-05-a-las-5.32.57.png\" alt=\"\" width=\"182\" height=\"78\" \/><\/a><\/p>\n<p style=\"text-align: left;\">El Consell Escolar de Catalunya organitza cada any una jornada de reflexi\u00f3, a la qual es convida una nodrida representaci\u00f3 de la comunitat educativa. L&#8217;objectiu principal d&#8217;aquesta trobada \u00e9s, b\u00e0sicament, promoure el debat i la reflexi\u00f3 sobre temes d&#8217;actualitat i d&#8217;inter\u00e8s per a la dinamitzaci\u00f3 i la millora del sistema educatiu.<\/p>\n<p style=\"text-align: left;\">A fi que aquesta activitat arribi a totes les comarques del pa\u00eds, les jornades s&#8217;han celebrat al llarg dels anys en poblacions diferents. El contingut de les pon\u00e8ncies, les s\u00edntesis dels debats de les taules rodones i les conclusions es recullen en la publicaci\u00f3 corresponent.<\/p>\n<p style=\"text-align: left;\">La jornada de reflexi\u00f3 de 2018, la vint-i-sisena, est\u00e0 dedicada a la interculturalitat en el sistema educatiu de Catalunya i tindr\u00e0 lloc dissabte 27 d&#8217;octubre al Citilab de Cornell\u00e0 de Llobregat.<\/p>\n<p style=\"text-align: left;\">Per m\u00e9s informaci\u00f3 cliqueu <a href=\"http:\/\/consellescolarcat.gencat.cat\/ca\/interculturalitat\/jornada-reflexio-xxvi\/\">AQU\u00cd<\/a><\/p>\n","protected":false},"excerpt":{"rendered":"<p><a href=\"http:\/\/serveiseducatius.xtec.cat\/altmaresme\/wp-content\/uploads\/usu1140\/2018\/10\/Captura-de-pantalla-2018-10-05-a-las-5.32.57.png\"><\/a><br \/>\nEl Consell Escolar de Catalunya organitza cada any una jornada de reflexi\u00f3, a la qual es convida una nodrida representaci\u00f3 de la comunitat educativa. L&#8217;objectiu principal d&#8217;aquesta trobada \u00e9s, b\u00e0sicament, promoure el debat i la reflexi\u00f3 sobre temes d&#8217;actualitat i d&#8217;inter\u00e8s per a la&hellip;  <a href=\"https:\/\/serveiseducatius.xtec.cat\/altmaresme\/general\/xxvi-jornada-de-reflexio-identitats-cultures-educacio\/\" title=\"Read XXVI Jornada de reflexi\u00f3. Identitats, cultures, educaci\u00f3\">Llegeix m\u00e9s\u00bb<\/a><\/p>\n","protected":false},"author":71,"featured_media":11210,"comment_status":"open","ping_status":"closed","sticky":false,"template":"","format":"standard","meta":{"_bbp_topic_count":0,"_bbp_reply_count":0,"_bbp_total_topic_count":0,"_bbp_total_reply_count":0,"_bbp_voice_count":0,"_bbp_anonymous_reply_count":0,"_bbp_topic_count_hidden":0,"_bbp_reply_count_hidden":0,"_bbp_forum_subforum_count":0,"footnotes":""},"categories":[1,29],"tags":[],"class_list":["post-11200","post","type-post","status-publish","format-standard","has-post-thumbnail","hentry","category-general","category-portada"],"post_mailing_queue_ids":[],"_links":{"self":[{"href":"https:\/\/serveiseducatius.xtec.cat\/altmaresme\/wp-json\/wp\/v2\/posts\/11200","targetHints":{"allow":["GET"]}}],"collection":[{"href":"https:\/\/serveiseducatius.xtec.cat\/altmaresme\/wp-json\/wp\/v2\/posts"}],"about":[{"href":"https:\/\/serveiseducatius.xtec.cat\/altmaresme\/wp-json\/wp\/v2\/types\/post"}],"author":[{"embeddable":true,"href":"https:\/\/serveiseducatius.xtec.cat\/altmaresme\/wp-json\/wp\/v2\/users\/71"}],"replies":[{"embeddable":true,"href":"https:\/\/serveiseducatius.xtec.cat\/altmaresme\/wp-json\/wp\/v2\/comments?post=11200"}],"version-history":[{"count":4,"href":"https:\/\/serveiseducatius.xtec.cat\/altmaresme\/wp-json\/wp\/v2\/posts\/11200\/revisions"}],"predecessor-version":[{"id":11216,"href":"https:\/\/serveiseducatius.xtec.cat\/altmaresme\/wp-json\/wp\/v2\/posts\/11200\/revisions\/11216"}],"wp:featuredmedia":[{"embeddable":true,"href":"https:\/\/serveiseducatius.xtec.cat\/altmaresme\/wp-json\/wp\/v2\/media\/11210"}],"wp:attachment":[{"href":"https:\/\/serveiseducatius.xtec.cat\/altmaresme\/wp-json\/wp\/v2\/media?parent=11200"}],"wp:term":[{"taxonomy":"category","embeddable":true,"href":"https:\/\/serveiseducatius.xtec.cat\/altmaresme\/wp-json\/wp\/v2\/categories?post=11200"},{"taxonomy":"post_tag","embeddable":true,"href":"https:\/\/serveiseducatius.xtec.cat\/altmaresme\/wp-json\/wp\/v2\/tags?post=11200"}],"curies":[{"name":"wp","href":"https:\/\/api.w.org\/{rel}","templated":true}]}}